{"id":8640,"date":"2015-11-03T16:43:12","date_gmt":"2015-11-03T16:43:12","guid":{"rendered":"http:\/\/rurallascolonias.com.ar\/?p=8640"},"modified":"2015-11-03T16:43:12","modified_gmt":"2015-11-03T16:43:12","slug":"desde-la-bcr-afirman-que-septiembre-y-octubre-estuvieron-lejos-de-los-pronosticos-catastroficos","status":"publish","type":"post","link":"http:\/\/rurallascolonias.com.ar\/?p=8640","title":{"rendered":"Desde la BCR afirman que septiembre y octubre estuvieron lejos de los pron\u00f3sticos catastr\u00f3ficos"},"content":{"rendered":"<p><strong><em><\/em><\/strong><\/p>\n<h2><a href=\"http:\/\/rurallascolonias.com.ar\/wp-content\/uploads\/2015\/11\/pron\u00f2stico.jpg\"><img loading=\"lazy\" class=\"aligncenter size-full wp-image-8641\" src=\"http:\/\/rurallascolonias.com.ar\/wp-content\/uploads\/2015\/11\/pron\u00f2stico.jpg\" alt=\"pron\u00f2stico\" width=\"259\" height=\"194\" \/><\/a>Los especialistas Alfredo Elorriaga y el Dr. Jos\u00e9 Luis Aliello se\u00f1alaron que se aseguran lluvias con vol\u00famenes que duplican y hasta triplican las medias estad\u00edsticas, \u00absin fundamentos t\u00e9cnicos\u00bb<\/h2>\n<p><!--more--><\/p>\n<p>Este ha sido un a\u00f1o donde los excesos de agua fueron fuertes protagonistas para el sector agropecuario. Con este recuerdo tan reciente, y a partir de las inquietudes que generan entre los productores el actual fen\u00f3meno Ni\u00f1o y todos los pron\u00f3sticos que de \u00e9l se derivan en plena \u00e9poca de siembra, nos pareci\u00f3 oportuno hacer algunos comentarios al respecto\u00bb, afirm\u00f3 la Bolsa de Comercio de Rosario.<\/p>\n<p>Alfredo Elorriaga, integrante y asesor del grupo GEA que constantemente valida los datos de la red de estaciones meteorol\u00f3gicas de la Bolsa, ha notado que desde hace m\u00e1s de un mes se instal\u00f3 un fuert\u00edsimo temor a lluvias \u201cdiluvianas\u201d. \u201cInformalmente hay pron\u00f3sticos que aseguran lluvias con vol\u00famenes que duplican y hasta triplican las medias estad\u00edsticas, sin fundamentos t\u00e9cnicos\u201d nos contaba en una reciente charla.<\/p>\n<p>El Dr. Jos\u00e9 Luis Aiello, con el \u00e1nimo de quitar la incertidumbre generada y coincidiendo con esta visi\u00f3n de Elorriaga, indic\u00f3 a la BCR que es importante se\u00f1alar que no es posible pronosticar vol\u00famenes de precipitaciones con tal exactitud para un per\u00edodo de tiempo espec\u00edfico en el largo plazo.<\/p>\n<p>Por tal motivo, los especialistas nos advierten lo siguiente:<\/p>\n<p>&#8211; Concluy\u00f3 octubre y el r\u00e9gimen de precipitaci\u00f3n apenas se ha apartado de las medias hist\u00f3ricas que est\u00e1n en torno a los 100 mm. A\u00fan m\u00e1s, en algunas regiones del oeste, como en la provincia de C\u00f3rdoba, las tareas agr\u00edcolas se han retrasado por la falta de humedad en los suelos.<\/p>\n<p>&#8211; Hay un fen\u00f3meno real y concreto, como es el efecto del aumento de la temperatura del agua en el oc\u00e9ano Pacifico ecuatorial. Sin embargo, hay que tener cuidado en convertirlo en un fen\u00f3meno maligno o desmesurado, que poco tiene que ver con un an\u00e1lisis objetivo del evento.<\/p>\n<p>&#8211; Aparecen pron\u00f3sticos extendidos que superan holgadamente los tres d\u00edas y que detallan milimetrajes diarios. Estos pron\u00f3sticos exceden las limitaciones t\u00e9cnicas disponibles. Ejemplo de ello son los vaticinios de intensas lluvias durante septiembre y octubre, que iban a tornar inviables las siembras de ma\u00edz y soja por falta de piso, y no se materializaron.<\/p>\n<p>&#8211; Desde julio de 2015, se han generado innumerables art\u00edculos, boletines e informes destacando la intensidad poco com\u00fan de El Ni\u00f1o 2015, llegando a bautizarlo como \u201cSuperni\u00f1o\u201d. Se habl\u00f3 de su influencia para un aumento desmesurado de las precipitaciones, inclusive en meses en los que no hay influencia posible del Ni\u00f1o haci\u00e9ndolo responsable de las inundaciones de agosto.<\/p>\n<p>&#8211; En todo caso, el evento de El Ni\u00f1o reci\u00e9n comienza a manifestarse plenamente a partir de noviembre y sus efectos est\u00e1n condicionados a c\u00f3mo se acople con factores regionales, circulaciones o bloqueos del Atl\u00e1ntico, intensidad de flujos de humedad, frecuencia de entradas de frentes meteorol\u00f3gicos, entre otros.<\/p>\n<p>&#8211; Es necesario hacer un uso de datos concretos, analizarlos y observar, comparando con los patrones que indican las estad\u00edsticas, para evitar difundir \u201cescenarios cat\u00e1strofes\u201d y estar al servicio de los actores productivos que tienen que tomar decisiones sobre la base de los pron\u00f3sticos.<\/p>\n<p><strong>Fuente: Nuestro Agro \/ BCR<\/strong><\/p>\n","protected":false},"excerpt":{"rendered":"<p>Los especialistas Alfredo Elorriaga y el Dr. Jos\u00e9 Luis Aliello se\u00f1alaron que se aseguran lluvias con vol\u00famenes que duplican y hasta triplican las medias estad\u00edsticas, \u00absin fundamentos t\u00e9cnicos\u00bb<\/p>\n","protected":false},"author":5,"featured_media":0,"comment_status":"open","ping_status":"open","sticky":false,"template":"","format":"standard","meta":[],"categories":[40],"tags":[971,2398],"_links":{"self":[{"href":"http:\/\/rurallascolonias.com.ar\/index.php?rest_route=\/wp\/v2\/posts\/8640"}],"collection":[{"href":"http:\/\/rurallascolonias.com.ar\/index.php?rest_route=\/wp\/v2\/posts"}],"about":[{"href":"http:\/\/rurallascolonias.com.ar\/index.php?rest_route=\/wp\/v2\/types\/post"}],"author":[{"embeddable":true,"href":"http:\/\/rurallascolonias.com.ar\/index.php?rest_route=\/wp\/v2\/users\/5"}],"replies":[{"embeddable":true,"href":"http:\/\/rurallascolonias.com.ar\/index.php?rest_route=%2Fwp%2Fv2%2Fcomments&post=8640"}],"version-history":[{"count":1,"href":"http:\/\/rurallascolonias.com.ar\/index.php?rest_route=\/wp\/v2\/posts\/8640\/revisions"}],"predecessor-version":[{"id":8642,"href":"http:\/\/rurallascolonias.com.ar\/index.php?rest_route=\/wp\/v2\/posts\/8640\/revisions\/8642"}],"wp:attachment":[{"href":"http:\/\/rurallascolonias.com.ar\/index.php?rest_route=%2Fwp%2Fv2%2Fmedia&parent=8640"}],"wp:term":[{"taxonomy":"category","embeddable":true,"href":"http:\/\/rurallascolonias.com.ar\/index.php?rest_route=%2Fwp%2Fv2%2Fcategories&post=8640"},{"taxonomy":"post_tag","embeddable":true,"href":"http:\/\/rurallascolonias.com.ar\/index.php?rest_route=%2Fwp%2Fv2%2Ftags&post=8640"}],"curies":[{"name":"wp","href":"https:\/\/api.w.org\/{rel}","templated":true}]}}