{"id":863,"date":"2014-01-10T17:34:14","date_gmt":"2014-01-10T17:34:14","guid":{"rendered":"http:\/\/rurallascolonias.com.ar\/?p=863"},"modified":"2014-01-10T17:34:14","modified_gmt":"2014-01-10T17:34:14","slug":"cra-sobre-el-trigo-casi-el-50-del-potencial-productivo-desperdiciado","status":"publish","type":"post","link":"http:\/\/rurallascolonias.com.ar\/?p=863","title":{"rendered":"CRA SOBRE EL TRIGO: \u00abCasi el 50% del potencial productivo desperdiciado\u00bb"},"content":{"rendered":"<div><a href=\"http:\/\/rurallascolonias.com.ar\/wp-content\/uploads\/2014\/01\/FERRERO-3.jpg\"><img loading=\"lazy\" class=\"aligncenter size-full wp-image-864\" alt=\"FERRERO 3\" src=\"http:\/\/rurallascolonias.com.ar\/wp-content\/uploads\/2014\/01\/FERRERO-3.jpg\" width=\"337\" height=\"149\" srcset=\"http:\/\/rurallascolonias.com.ar\/wp-content\/uploads\/2014\/01\/FERRERO-3.jpg 337w, http:\/\/rurallascolonias.com.ar\/wp-content\/uploads\/2014\/01\/FERRERO-3-300x132.jpg 300w\" sizes=\"(max-width: 337px) 100vw, 337px\" \/><\/a>\u00abNuestro pa\u00eds podr\u00eda llegar a producir al menos 18 millones de toneladas de trigo si se contara con un mercado y un sistema previsible\u00bb, se\u00f1al\u00f3 la entidad.<!--more--><\/div>\n<div><\/div>\n<div>\n<p align=\"justify\">Lo hemos denunciado a la sociedad desde el 2006 en adelante, Argentina est\u00e1 atravesando un inexorable proceso encaminado a la desaparici\u00f3n final del trigo, el que fuera otrora el cereal natural de la Argentina , impulsado desde el Gobierno nacional. As\u00ed lo indic\u00f3 hoy\u00a0<strong>CRA<\/strong>\u00a0por medio de un comunicado de prensa.<\/p>\n<p>\u00abNuestro pa\u00eds podr\u00eda llegar a producir al menos 18 millones de toneladas de trigo si se contara con un mercado y un sistema previsible, que brindara transparencia y competitividad y que le diera pie al productor a invertir y producir m\u00e1s. Muy por el contrario, y como lo hemos anunciado en octubre pasado, la Argentina , una vez m\u00e1s, apenas llegar\u00e1 con suerte a producir en esta campa\u00f1a 10 millones de toneladas, es decir continuar\u00e1 en la l\u00ednea de las cosechas m\u00e1s pobres de toda la historia\u00bb, se\u00f1ala el comunicado.<\/p>\n<p>\u00abLa pol\u00edtica de destrucci\u00f3n de los mercados implementada por el Gobierno nacional no ha hecho m\u00e1s que quitarle al productor agropecuario previsibilidad, confianza y la libertad para comercializar el fruto de su trabajo. Todo esto ha llevado a una p\u00e9rdida de ingresos y al estancamiento en la producci\u00f3n, y por consecuencia a una preocupante disminuci\u00f3n en la participaci\u00f3n dentro de\u00a0 los mercados externos, mientras que nuestros pa\u00edses competidores abastecen a sus habitantes y ganan cada vez m\u00e1s mercados internacionales\u00bb, apunt\u00f3 la entidad.<\/p>\n<p>\u00abVolvemos a reiterar que si vivi\u00e9ramos en un mercado normalizado de trigo, el campo hubiera ingresado este a\u00f1o m\u00e1s de 3.000 millones de d\u00f3lares adicionales a nuestra econom\u00eda nacional que, como es sabido, precisa del ingreso urgente de divisas.\u00a0 Pero lo que el Gobierno parece estar dispuesto a no entender es que el empresario agropecuario necesita previsibilidad para encarar su negocio, y ganar confianza a futuro para decidir en que momento vender su producci\u00f3n\u00bb, agreg\u00f3.<\/p>\n<p>\u00abA poco de asumido el nuevo ministro de Agricultura de la Naci\u00f3n , y tras la consabida renovaci\u00f3n de funcionarios, el Gobierno solo ha mostrado una nueva cara de su \u201cpol\u00edtica de maquillaje\u201d, id\u00e9ntica y err\u00f3nea, que ha llevado, por ejemplo, a que el campo\u00a0 no pueda aprovechar casi el 50% de su potencial productivo y, por otro lado, a que los consumidores paguen precios cada vez mas elevados por los alimentos\u00bb, se\u00f1al\u00f3\u00a0<strong>CRA.<br \/>\n<\/strong><br \/>\n\u00abEs imposible, en este contexto donde se contin\u00faa con las mismas pol\u00edticas, que finalmente pueda haber cambios positivos para el sector agropecuario y, por supuesto, para todos los argentinos\u00bb, a\u00f1ade el comunicado.<\/p>\n<p>\u00abPor tanto solicitamos al Sr. Ministro, en nombre de la producci\u00f3n triguera nacional, que se decida a tomar las medidas conducentes a garantizar la libre comercializaci\u00f3n en este caso del trigo, y que ponga al productor argentino en consideraci\u00f3n, respetando su esfuerzo\u00bb, concluy\u00f3\u00a0<strong>CRA.<\/strong><\/p>\n<p align=\"justify\">Fuente:\u00a0<a title=\"Infocampo\" href=\"http:\/\/infocampo.com.ar\/\">Infocampo<\/a><\/p>\n<\/div>\n","protected":false},"excerpt":{"rendered":"<p>\u00abNuestro pa\u00eds podr\u00eda llegar a producir al menos 18 millones de toneladas de trigo si se contara con un mercado y un sistema previsible\u00bb, se\u00f1al\u00f3 la entidad.<\/p>\n","protected":false},"author":5,"featured_media":0,"comment_status":"closed","ping_status":"closed","sticky":false,"template":"","format":"standard","meta":[],"categories":[18],"tags":[30,353,352,27],"_links":{"self":[{"href":"http:\/\/rurallascolonias.com.ar\/index.php?rest_route=\/wp\/v2\/posts\/863"}],"collection":[{"href":"http:\/\/rurallascolonias.com.ar\/index.php?rest_route=\/wp\/v2\/posts"}],"about":[{"href":"http:\/\/rurallascolonias.com.ar\/index.php?rest_route=\/wp\/v2\/types\/post"}],"author":[{"embeddable":true,"href":"http:\/\/rurallascolonias.com.ar\/index.php?rest_route=\/wp\/v2\/users\/5"}],"replies":[{"embeddable":true,"href":"http:\/\/rurallascolonias.com.ar\/index.php?rest_route=%2Fwp%2Fv2%2Fcomments&post=863"}],"version-history":[{"count":1,"href":"http:\/\/rurallascolonias.com.ar\/index.php?rest_route=\/wp\/v2\/posts\/863\/revisions"}],"predecessor-version":[{"id":865,"href":"http:\/\/rurallascolonias.com.ar\/index.php?rest_route=\/wp\/v2\/posts\/863\/revisions\/865"}],"wp:attachment":[{"href":"http:\/\/rurallascolonias.com.ar\/index.php?rest_route=%2Fwp%2Fv2%2Fmedia&parent=863"}],"wp:term":[{"taxonomy":"category","embeddable":true,"href":"http:\/\/rurallascolonias.com.ar\/index.php?rest_route=%2Fwp%2Fv2%2Fcategories&post=863"},{"taxonomy":"post_tag","embeddable":true,"href":"http:\/\/rurallascolonias.com.ar\/index.php?rest_route=%2Fwp%2Fv2%2Ftags&post=863"}],"curies":[{"name":"wp","href":"https:\/\/api.w.org\/{rel}","templated":true}]}}