{"id":8601,"date":"2015-10-30T16:22:14","date_gmt":"2015-10-30T16:22:14","guid":{"rendered":"http:\/\/rurallascolonias.com.ar\/?p=8601"},"modified":"2015-10-30T16:22:14","modified_gmt":"2015-10-30T16:22:14","slug":"fonterra-reduce-su-produccion-en-un-5-en-el-primer-cuatrimestre-de-la-campana","status":"publish","type":"post","link":"http:\/\/rurallascolonias.com.ar\/?p=8601","title":{"rendered":"Fonterra reduce su producci\u00f3n en un 5% en el primer cuatrimestre de la campa\u00f1a"},"content":{"rendered":"<p><strong><em><a href=\"http:\/\/rurallascolonias.com.ar\/wp-content\/uploads\/2015\/10\/Fonterra.jpg\"><img loading=\"lazy\" class=\"aligncenter size-full wp-image-8602\" src=\"http:\/\/rurallascolonias.com.ar\/wp-content\/uploads\/2015\/10\/Fonterra.jpg\" alt=\"Fonterra\" width=\"337\" height=\"149\" srcset=\"http:\/\/rurallascolonias.com.ar\/wp-content\/uploads\/2015\/10\/Fonterra.jpg 337w, http:\/\/rurallascolonias.com.ar\/wp-content\/uploads\/2015\/10\/Fonterra-300x133.jpg 300w\" sizes=\"(max-width: 337px) 100vw, 337px\" \/><\/a>La producci\u00f3n de leche de la cooperativa neocelandesa Fonterrra se redujo en un 8,7% en el mes de septiembre, resultando que la producci\u00f3n en el primer cuatrimestre de la campa\u00f1a ha bajado un 5,3% con respecto al mismo per\u00edodo del a\u00f1o anterior. ( En Nueva Zelanda, la campa\u00f1a l\u00e1ctea empez\u00f3 el pasado 1 de junio, por lo que el primer cuatrimestre corresponde a junio-septiembre de 2015)<\/em><\/strong><!--more--><\/p>\n<p>La evoluci\u00f3n de la producci\u00f3n en estos primeros cuatro meses corroboran las estimaciones iniciales de la cooperativa, que apuntaban a un descenso de la producci\u00f3n de leche en un 5% en toda la campa\u00f1a. Dado que Fonterra aglutina el 80% de la producci\u00f3n de leche de todo el pa\u00eds, es previsible que la producci\u00f3n neocelandesa sigue el mismo patr\u00f3n que Fonterra y que se mantenga por debajo de los niveles de 2014\/15 y de 2013\/14.<\/p>\n<p>A pesar de que en septiembre, la producci\u00f3n de leche de Fonterra registr\u00f3 una importante ca\u00edda, en la subasta de la cooperativa correspondiente al pasado 20 de octubre, el \u00edndice de precio se redujo en un 3,1% (despu\u00e9s de 4 subastas consecutivas de aumentos que han conseguido incrementar el precio en un 56% en 9 semanas). Los motivos del descenso de precios en la subasta pueden ser el aumento de la producci\u00f3n de leche en la UE a pesar de la crisis de precios (en agosto la UE28 aument\u00f3 la producci\u00f3n de leche en 370 millones de litros) y el incremento de los aranceles de importaci\u00f3n a la mantequilla y al queso impuesto por EEUU.<br \/>\nhttp:\/\/www.agrodigital.com<\/p>\n","protected":false},"excerpt":{"rendered":"<p>La producci\u00f3n de leche de la cooperativa neocelandesa Fonterrra se redujo en un 8,7% en el mes de septiembre, resultando que la producci\u00f3n en el primer cuatrimestre de la campa\u00f1a ha bajado un 5,3% con respecto al mismo per\u00edodo del a\u00f1o anterior. ( En Nueva Zelanda, la campa\u00f1a l\u00e1ctea empez\u00f3 el pasado 1 de junio, [&hellip;]<\/p>\n","protected":false},"author":5,"featured_media":0,"comment_status":"open","ping_status":"open","sticky":false,"template":"","format":"standard","meta":[],"categories":[14],"tags":[660,362],"_links":{"self":[{"href":"http:\/\/rurallascolonias.com.ar\/index.php?rest_route=\/wp\/v2\/posts\/8601"}],"collection":[{"href":"http:\/\/rurallascolonias.com.ar\/index.php?rest_route=\/wp\/v2\/posts"}],"about":[{"href":"http:\/\/rurallascolonias.com.ar\/index.php?rest_route=\/wp\/v2\/types\/post"}],"author":[{"embeddable":true,"href":"http:\/\/rurallascolonias.com.ar\/index.php?rest_route=\/wp\/v2\/users\/5"}],"replies":[{"embeddable":true,"href":"http:\/\/rurallascolonias.com.ar\/index.php?rest_route=%2Fwp%2Fv2%2Fcomments&post=8601"}],"version-history":[{"count":1,"href":"http:\/\/rurallascolonias.com.ar\/index.php?rest_route=\/wp\/v2\/posts\/8601\/revisions"}],"predecessor-version":[{"id":8603,"href":"http:\/\/rurallascolonias.com.ar\/index.php?rest_route=\/wp\/v2\/posts\/8601\/revisions\/8603"}],"wp:attachment":[{"href":"http:\/\/rurallascolonias.com.ar\/index.php?rest_route=%2Fwp%2Fv2%2Fmedia&parent=8601"}],"wp:term":[{"taxonomy":"category","embeddable":true,"href":"http:\/\/rurallascolonias.com.ar\/index.php?rest_route=%2Fwp%2Fv2%2Fcategories&post=8601"},{"taxonomy":"post_tag","embeddable":true,"href":"http:\/\/rurallascolonias.com.ar\/index.php?rest_route=%2Fwp%2Fv2%2Ftags&post=8601"}],"curies":[{"name":"wp","href":"https:\/\/api.w.org\/{rel}","templated":true}]}}