{"id":860,"date":"2014-01-10T11:25:50","date_gmt":"2014-01-10T11:25:50","guid":{"rendered":"http:\/\/rurallascolonias.com.ar\/?p=860"},"modified":"2014-01-10T11:25:50","modified_gmt":"2014-01-10T11:25:50","slug":"al-final-el-gobierno-no-importara-tomates","status":"publish","type":"post","link":"http:\/\/rurallascolonias.com.ar\/?p=860","title":{"rendered":"AL FINAL, EL GOBIERNO NO IMPORTAR\u00c1 TOMATES"},"content":{"rendered":"<h3><a href=\"http:\/\/rurallascolonias.com.ar\/wp-content\/uploads\/2014\/01\/tomates-3.jpg\"><img loading=\"lazy\" class=\"aligncenter size-full wp-image-861\" alt=\"tomates 3\" src=\"http:\/\/rurallascolonias.com.ar\/wp-content\/uploads\/2014\/01\/tomates-3.jpg\" width=\"299\" height=\"169\" \/><\/a>La novela del tomate se inici\u00f3 el martes, cuando en una reuni\u00f3n con el ministro Axel Kicillof, un supermercadista -el Gobierno acus\u00f3 directamente a Alfredo Coto- desliz\u00f3 la posibilidad de que faltara tomate en las pr\u00f3ximas semanas&#8230;<!--more--><\/h3>\n<p><i>Por Alfredo Sainz<\/i><\/p>\n<p>Tras varios anuncios, desmentidas y malentendidos, el Gobierno acept\u00f3 dejar de lado su proyecto para importar tomate de Brasil, luego de obtener la confirmaci\u00f3n, por parte de los productores, de que no habr\u00e1 faltantes en el mercado local . La decisi\u00f3n se tom\u00f3 tras un encuentro realizado ayer por la tarde entre el secretario de Comercio, Augusto Costa, y los productores frutihort\u00edcolas del sur de la provincia de Buenos Aires.<\/p>\n<p>\u00abCosta reconoci\u00f3 que estaban mal asesorados. No se va a importar porque les aseguramos que hay tomate. Salvo que venga una tormenta, va a haber en cantidad\u00bb, expres\u00f3 Alberto Pate, presidente de la Asociaci\u00f3n de Productores Hort\u00edcolas de La Plata, una de las regiones productoras. \u00abEstaban mal asesorados, por eso se adelantaron [con la idea de la importaci\u00f3n]\u00bb, agreg\u00f3 Pate. Seg\u00fan el dirigente, los productores tambi\u00e9n le propusieron a Costa que un porcentaje de la producci\u00f3n que salga con un tama\u00f1o menor al normal se venda a precios inferiores a los del mercado. A\u00fan no est\u00e1 definido cu\u00e1l ser\u00e1 ese porcentaje ni a qu\u00e9 precio saldr\u00e1 pero, seg\u00fan Pate, Costa aprob\u00f3 la iniciativa.<\/p>\n<p>En la reuni\u00f3n adem\u00e1s se acord\u00f3 una mesa de trabajo para que productores y el Gobierno realicen un seguimiento del abastecimiento.<\/p>\n<p>Desde el Ministerio de Econom\u00eda confirmaron el acuerdo. Por la noche, en el programa oficialista 6,7,8 , que se emite por Canal 7, Costa dijo que ayer se hab\u00eda reunido con productores y que \u00e9stos le hab\u00edan ratificado que no faltar\u00eda tomate. \u00abPor lo tanto, el cumplimiento del acuerdo [de precios] en ese producto no est\u00e1 amenazado\u00bb, se\u00f1al\u00f3. As\u00ed, las dos partes dieron por superada la pol\u00e9mica que se hab\u00eda armado tras el anuncio de que se iba a importar tomate de Brasil para hacer frente a un inminente desabastecimiento.<\/p>\n<p>La novela del tomate se inici\u00f3 el martes, cuando en una reuni\u00f3n con el ministro Axel Kicillof, un supermercadista -el Gobierno acus\u00f3 directamente a Alfredo Coto- desliz\u00f3 la posibilidad de que faltara tomate en las pr\u00f3ximas semanas si se prolongaba la ola de calor.<\/p>\n<p>Tom\u00e1ndose de este comentario, al otro d\u00eda el jefe de Gabinete, Jorge Capitanich, -que no hab\u00eda participado de la reuni\u00f3n con los supermercados- anunci\u00f3 la importaci\u00f3n de tomates, que habr\u00eda sido ordenada por la presidenta Cristina Kirchner de manera de que no corriera peligro el programa de Precios Cuidados.<\/p>\n<p>Ayer fue el turno de Kicillof, que se sum\u00f3 a la cruzada importadora al anunciar que no se van a aceptar modificaciones de los precios acordados\u00bb con los supermercados y proveedores, y ratificar que, de ser necesario, se va \u00abpermitir la importaci\u00f3n de los productos para que los precios sean respetados\u00bb.<\/p>\n<p>\u00abVamos a defender nuestro acuerdo de precios, porque cuando el tomate sale 40 pesos, nadie se pregunta qui\u00e9n se apropia de la renta de ese precio\u00bb, asegur\u00f3 el titular del Palacio de Hacienda apenas unas horas antes de dar por terminado el incidente tras la reuni\u00f3n con los productores. En el medio se alzaron las voces de los productores, explicando que no era necesario importar tomate desde Brasil, b\u00e1sicamente porque el abastecimiento local estaba asegurado.<\/p>\n<p>Fuente: La Naci\u00f3n<\/p>\n","protected":false},"excerpt":{"rendered":"<p>La novela del tomate se inici\u00f3 el martes, cuando en una reuni\u00f3n con el ministro Axel Kicillof, un supermercadista -el Gobierno acus\u00f3 directamente a Alfredo Coto- desliz\u00f3 la posibilidad de que faltara tomate en las pr\u00f3ximas semanas&#8230;<\/p>\n","protected":false},"author":5,"featured_media":0,"comment_status":"closed","ping_status":"closed","sticky":false,"template":"","format":"standard","meta":[],"categories":[42],"tags":[],"_links":{"self":[{"href":"http:\/\/rurallascolonias.com.ar\/index.php?rest_route=\/wp\/v2\/posts\/860"}],"collection":[{"href":"http:\/\/rurallascolonias.com.ar\/index.php?rest_route=\/wp\/v2\/posts"}],"about":[{"href":"http:\/\/rurallascolonias.com.ar\/index.php?rest_route=\/wp\/v2\/types\/post"}],"author":[{"embeddable":true,"href":"http:\/\/rurallascolonias.com.ar\/index.php?rest_route=\/wp\/v2\/users\/5"}],"replies":[{"embeddable":true,"href":"http:\/\/rurallascolonias.com.ar\/index.php?rest_route=%2Fwp%2Fv2%2Fcomments&post=860"}],"version-history":[{"count":1,"href":"http:\/\/rurallascolonias.com.ar\/index.php?rest_route=\/wp\/v2\/posts\/860\/revisions"}],"predecessor-version":[{"id":862,"href":"http:\/\/rurallascolonias.com.ar\/index.php?rest_route=\/wp\/v2\/posts\/860\/revisions\/862"}],"wp:attachment":[{"href":"http:\/\/rurallascolonias.com.ar\/index.php?rest_route=%2Fwp%2Fv2%2Fmedia&parent=860"}],"wp:term":[{"taxonomy":"category","embeddable":true,"href":"http:\/\/rurallascolonias.com.ar\/index.php?rest_route=%2Fwp%2Fv2%2Fcategories&post=860"},{"taxonomy":"post_tag","embeddable":true,"href":"http:\/\/rurallascolonias.com.ar\/index.php?rest_route=%2Fwp%2Fv2%2Ftags&post=860"}],"curies":[{"name":"wp","href":"https:\/\/api.w.org\/{rel}","templated":true}]}}