{"id":8598,"date":"2015-10-29T16:09:13","date_gmt":"2015-10-29T16:09:13","guid":{"rendered":"http:\/\/rurallascolonias.com.ar\/?p=8598"},"modified":"2015-10-29T17:16:10","modified_gmt":"2015-10-29T17:16:10","slug":"elecciones-en-cra-quienes-podrian-suceder-a-ferrero","status":"publish","type":"post","link":"http:\/\/rurallascolonias.com.ar\/?p=8598","title":{"rendered":"Elecciones en CRA: Qui\u00e9nes podr\u00edan suceder a Ferrero"},"content":{"rendered":"<p><em><strong><a href=\"http:\/\/rurallascolonias.com.ar\/wp-content\/uploads\/2015\/10\/FERRERO.jpg\"><img loading=\"lazy\" class=\"aligncenter size-full wp-image-8599\" src=\"http:\/\/rurallascolonias.com.ar\/wp-content\/uploads\/2015\/10\/FERRERO.jpg\" alt=\"FERRERO\" width=\"270\" height=\"187\" \/><\/a>C\u00f3rdoba, Buenos Aires y Entre R\u00edos aspiran a presidir la confederaci\u00f3n ruralista<\/strong><\/em><!--more--><\/p>\n<p>Por ahora, no hay humo blanco para dirimir la sucesi\u00f3n en Confederaciones Rurales Argentinas (CRA).<\/p>\n<p>No han surgido candidatos nuevos, pero tampoco ninguno de los que han sido postulados se baja. Las tratativas para llegar a una lista de unidad, que es uno de los anhelos de las diferentes confederaciones regionales, seguir\u00e1n hora a hora, minuto a minuto, seg\u00fan publica\u00a0Agrovoz.<\/p>\n<p>Esta ser\u00eda m\u00e1s o menos la s\u00edntesis de lo abordado este mi\u00e9rcoles en Buenos Aires durante una reuni\u00f3n de presidentes para tratar el armado de la futura mesa directiva. Para el pr\u00f3ximo jueves 12 de noviembre est\u00e1 agendada la asamblea de renovaci\u00f3n de autoridades para suceder al santafesino Rub\u00e9n Ferrero en la presidencia y al resto de los integrantes de la mesa y el consejo de CRA.<\/p>\n<p>La Confederaci\u00f3n de Asociaciones Rurales de la Tercera Zona (Cartez) present\u00f3 una plataforma relacionada con la futura gesti\u00f3n y, por mandato de su consejo (integrado por las rurales de C\u00f3rdoba y provincias vecinas) postul\u00f3 a Gabriel Deraedemaeker, actual vice primero, a la conducci\u00f3n de CRA.<\/p>\n<p>Por su parte, Carbap (Buenos Aires y La Pampa) propone a Dardo Chiesa, y Farer, la confederaci\u00f3n de Entre R\u00edos, a Mart\u00edn Rapetti.De las conversaciones de este mi\u00e9rcoles, no surgi\u00f3 una definici\u00f3n y las opiniones estuvieron repartidas.<\/p>\n<p>En el caso de Cartez, la confederaci\u00f3n con sede en C\u00f3rdoba, su consejo volver\u00e1 a deliberar el viernes 6.Seg\u00fan sus referentes, que estuvieron en el c\u00f3nclave de Buenos Aires, los presidentes de las confederaciones sostuvieron el criterio de no llegar a una confrontaci\u00f3n interna, que podr\u00eda dejar heridos en el camino, y m\u00e1s bien \u00abtener las mejores caras\u00bb dirigenciales en la conformaci\u00f3n de una lista de unidad.<\/p>\n<p>Bajo este criterio, los tres mencionados como aspirantes estar\u00edan en la futura mesa. \u00abResta definir qui\u00e9n ser\u00e1 la cabeza\u00bb, se aclar\u00f3.Dentro de este panorama, los l\u00edderes rurales se declararon en una virtual \u00abasamblea permanente\u00bb para continuar la deliberaci\u00f3n interna, durante los pocos d\u00edas que faltan para concretar la asamblea del jueves 12.<\/p>\n<p>&nbsp;<\/p>\n","protected":false},"excerpt":{"rendered":"<p>C\u00f3rdoba, Buenos Aires y Entre R\u00edos aspiran a presidir la confederaci\u00f3n ruralista<\/p>\n","protected":false},"author":5,"featured_media":0,"comment_status":"open","ping_status":"open","sticky":false,"template":"","format":"standard","meta":[],"categories":[2306],"tags":[30,1255],"_links":{"self":[{"href":"http:\/\/rurallascolonias.com.ar\/index.php?rest_route=\/wp\/v2\/posts\/8598"}],"collection":[{"href":"http:\/\/rurallascolonias.com.ar\/index.php?rest_route=\/wp\/v2\/posts"}],"about":[{"href":"http:\/\/rurallascolonias.com.ar\/index.php?rest_route=\/wp\/v2\/types\/post"}],"author":[{"embeddable":true,"href":"http:\/\/rurallascolonias.com.ar\/index.php?rest_route=\/wp\/v2\/users\/5"}],"replies":[{"embeddable":true,"href":"http:\/\/rurallascolonias.com.ar\/index.php?rest_route=%2Fwp%2Fv2%2Fcomments&post=8598"}],"version-history":[{"count":1,"href":"http:\/\/rurallascolonias.com.ar\/index.php?rest_route=\/wp\/v2\/posts\/8598\/revisions"}],"predecessor-version":[{"id":8600,"href":"http:\/\/rurallascolonias.com.ar\/index.php?rest_route=\/wp\/v2\/posts\/8598\/revisions\/8600"}],"wp:attachment":[{"href":"http:\/\/rurallascolonias.com.ar\/index.php?rest_route=%2Fwp%2Fv2%2Fmedia&parent=8598"}],"wp:term":[{"taxonomy":"category","embeddable":true,"href":"http:\/\/rurallascolonias.com.ar\/index.php?rest_route=%2Fwp%2Fv2%2Fcategories&post=8598"},{"taxonomy":"post_tag","embeddable":true,"href":"http:\/\/rurallascolonias.com.ar\/index.php?rest_route=%2Fwp%2Fv2%2Ftags&post=8598"}],"curies":[{"name":"wp","href":"https:\/\/api.w.org\/{rel}","templated":true}]}}