{"id":8589,"date":"2015-10-29T16:55:38","date_gmt":"2015-10-29T16:55:38","guid":{"rendered":"http:\/\/rurallascolonias.com.ar\/?p=8589"},"modified":"2015-10-29T16:55:38","modified_gmt":"2015-10-29T16:55:38","slug":"la-leche-mantendra-el-precio-con-exportaciones-mas-complejas","status":"publish","type":"post","link":"http:\/\/rurallascolonias.com.ar\/?p=8589","title":{"rendered":"La leche mantendr\u00e1 el precio, con exportaciones m\u00e1s complejas"},"content":{"rendered":"<p><strong><em><a href=\"http:\/\/rurallascolonias.com.ar\/wp-content\/uploads\/2015\/10\/lecher\u00eda.jpg\"><img loading=\"lazy\" class=\"aligncenter size-full wp-image-8590\" src=\"http:\/\/rurallascolonias.com.ar\/wp-content\/uploads\/2015\/10\/lecher\u00eda.jpg\" alt=\"lecher\u00eda\" width=\"312\" height=\"161\" srcset=\"http:\/\/rurallascolonias.com.ar\/wp-content\/uploads\/2015\/10\/lecher\u00eda.jpg 312w, http:\/\/rurallascolonias.com.ar\/wp-content\/uploads\/2015\/10\/lecher\u00eda-300x155.jpg 300w\" sizes=\"(max-width: 312px) 100vw, 312px\" \/><\/a>Con un contexto pol\u00edtico poco definido, la lecher\u00eda intenta estabilizarse aunque las pruebas para poder lograr el objetivo son muchas<\/em><\/strong><!--more--><br \/>\nLos rumores indican que las liquidaciones que lleguen a manos de los productores con el inicio de noviembre podr\u00edan igualar el ritmo de pago de lo que se dio en este mes. As\u00ed, en un promedio de 2,40 pesos por litro, la leche podr\u00eda estancar su ciclo de retracciones en el valor iniciado en el mes de julio, con mayor relevancia, yendo mucho m\u00e1s all\u00e1 del comportamiento de la cotizaci\u00f3n internacional de la leche en polvo que rasgu\u00f1a los 2.900 d\u00f3lares por tonelada.<br \/>\nDesde la industria se explica que todo hace suponer que los precios de octubre \u201cno tengan muchos cambios\u201d pero claramente el sostenimiento de las cifras costar\u00e1. Claro que con un balotaje al frente y cambios claros en la cotizaci\u00f3n del d\u00f3lar, el panorama puede tener algunas alteraciones.<br \/>\nNunca las devaluaciones o ajustes beneficiaron al sector, pero todos entienden que es tiempo de unificar el d\u00f3lar, de dejar de tener valores para el campo, para los turistas, para los ahorristas, para los industriales e incluso para los especuladores.<br \/>\nArgentina siempre da estas cachetadas econ\u00f3micas en las que son casi imposibles las bajas y muchos ya se preparan.<br \/>\nAlgunos ya estiman que si Cambiemos se queda con la mayor\u00eda de las voluntades ciudadanas el 22 de noviembre, se dejar\u00e1 de lado el subsidio forzoso que durante m\u00e1s de una d\u00e9cada los productores transfirieron a los sectores consumidores del cereal, teniendo en cuenta la eliminaci\u00f3n de ROE y retenciones del 20 por ciento en el ma\u00edz, insumo clave en la producci\u00f3n lechera.<br \/>\nSi se toma el precio promedio ponderado de la leche seg\u00fan datos del Gobierno de Santa Fe, para septiembre fue de 2,79 kilos, sin embargo con un ma\u00edz liberado el poder de compra de un litro de leche caer\u00eda a 1,99 kilos. Polleros, productores de cerdos y feedlots tambi\u00e9n ajustan los n\u00fameros y piensan en relaciones financieras productivas m\u00e1s similares a unas tres campa\u00f1as atr\u00e1s, por la necesidad del grano en los balanceados.<br \/>\nNo ser\u00e1 sencillo enfrentar una modificaci\u00f3n, pero el campo ya habl\u00f3 el domingo en las urnas, recordando todos y cada uno de los rechazos sufridos desde el Gobierno Nacional hacia el sector, con lo cual se estima que al menos la elecci\u00f3n replique resultados en los segmentos m\u00e1s productivos y sobre todo en la regi\u00f3n n\u00facleo, con mayor concentraci\u00f3n de producci\u00f3n y de poblaci\u00f3n.<br \/>\nHacia afuera<br \/>\nEl mercado interno est\u00e1 colapsado, sobrestockeado y con algunas \u00ednfimas ofertas al consumo que no logran descomprimir vol\u00famenes y mucho menos compensar precios al productor.<br \/>\nEn este contexto, tampoco se generan aportes desde el exterior.<br \/>\nLos industriales est\u00e1n mencionando serios problemas de pago, en cuanto a los compromisos asumidos con Venezuela.<br \/>\nFue el martes cuando la demora en un pago no cubri\u00f3 una cuenta de SanCor en particular durante algunas horas, generando la demora en el cumplimiento con un grupo espec\u00edfico de productores, que de inmediato recibieron una reprogramaci\u00f3n del compromiso con la ecuaci\u00f3n de intereses incluida. Esto demor\u00f3 unas horas y se resolvi\u00f3, aunque no se descarta que el comportamiento similar pueda volver a ocurrir por parte del Gobierno venezolano, que es un gran pagador, un buen demandante de l\u00e1cteos, en especial de leche en polvo, pero la crisis que aqueja a esa naci\u00f3n es la que provoca estas inconstancias, estos inconvenientes de frecuencia, pero que no arriesga el cumplimiento con los asociados en cuanto a pagos generales. Cabe destacar que en el d\u00eda de hoy se definir\u00e1n los par\u00e1metros de la cooperativa para el pago por la materia prima de este mes, sabi\u00e9ndose que se continuar\u00e1n las pautas aplicadas hasta ahora con los socios y con los aportantes de un tercio de la leche que procesan, con n\u00fameros m\u00e1s ajustados al mercado.<br \/>\nLos reclamos para la mejora en los plazos de pago se est\u00e1n haciendo por los canales formales, sin embargo hay bajas expectativas en cuanto a revertir esto, teniendo en cuenta la informalidad sabida de los bolivarianos.<br \/>\nMientras tanto, Brasil compra l\u00e1cteos, menos que lo acostumbrado, con un valor promedio de unos 2.500 d\u00f3lares, precio en el que se ofrecieron productos al gobierno argelino. Este otro importante mercado para la Argentina tiene la oportunidad de colocar mayor producci\u00f3n, por la exclusi\u00f3n de Nueva Zelandia, por el momento, sin embargo Uruguay hizo su jugada con ofertas de 2.400 d\u00f3lares en cada medida volum\u00e9trica. A esto se a\u00f1ade que Argelia tiene muchas compras privadas en marcha, pero con una restricci\u00f3n denominada como falta de autorizaci\u00f3n de licitaci\u00f3n de importaciones, est\u00e1 bloqueando la salida de pedidos completos desde nuestro pa\u00eds.<br \/>\nComplicado panorama y poca pol\u00edtica puesta a favor de una mejora sectorial. A menos de dos meses de terminar este Gobierno, la actitud no se modifica ni por el orgullo de dejar al menos un buen resultado. La lecher\u00eda sigue dando su pelea y deber\u00e1 hacerse fuerte para superar la prueba de un verano complej\u00edsimo, m\u00e1s all\u00e1 de lo clim\u00e1tico, fundamentalmente por lo econ\u00f3mico.<br \/>\nPor Elida Thiery<\/p>\n<p>&nbsp;<\/p>\n","protected":false},"excerpt":{"rendered":"<p>Con un contexto pol\u00edtico poco definido, la lecher\u00eda intenta estabilizarse aunque las pruebas para poder lograr el objetivo son muchas<\/p>\n","protected":false},"author":5,"featured_media":0,"comment_status":"open","ping_status":"open","sticky":false,"template":"","format":"standard","meta":[],"categories":[42],"tags":[89,2388,47,103],"_links":{"self":[{"href":"http:\/\/rurallascolonias.com.ar\/index.php?rest_route=\/wp\/v2\/posts\/8589"}],"collection":[{"href":"http:\/\/rurallascolonias.com.ar\/index.php?rest_route=\/wp\/v2\/posts"}],"about":[{"href":"http:\/\/rurallascolonias.com.ar\/index.php?rest_route=\/wp\/v2\/types\/post"}],"author":[{"embeddable":true,"href":"http:\/\/rurallascolonias.com.ar\/index.php?rest_route=\/wp\/v2\/users\/5"}],"replies":[{"embeddable":true,"href":"http:\/\/rurallascolonias.com.ar\/index.php?rest_route=%2Fwp%2Fv2%2Fcomments&post=8589"}],"version-history":[{"count":1,"href":"http:\/\/rurallascolonias.com.ar\/index.php?rest_route=\/wp\/v2\/posts\/8589\/revisions"}],"predecessor-version":[{"id":8591,"href":"http:\/\/rurallascolonias.com.ar\/index.php?rest_route=\/wp\/v2\/posts\/8589\/revisions\/8591"}],"wp:attachment":[{"href":"http:\/\/rurallascolonias.com.ar\/index.php?rest_route=%2Fwp%2Fv2%2Fmedia&parent=8589"}],"wp:term":[{"taxonomy":"category","embeddable":true,"href":"http:\/\/rurallascolonias.com.ar\/index.php?rest_route=%2Fwp%2Fv2%2Fcategories&post=8589"},{"taxonomy":"post_tag","embeddable":true,"href":"http:\/\/rurallascolonias.com.ar\/index.php?rest_route=%2Fwp%2Fv2%2Ftags&post=8589"}],"curies":[{"name":"wp","href":"https:\/\/api.w.org\/{rel}","templated":true}]}}