{"id":8487,"date":"2015-10-20T16:20:24","date_gmt":"2015-10-20T16:20:24","guid":{"rendered":"http:\/\/rurallascolonias.com.ar\/?p=8487"},"modified":"2015-10-20T16:20:24","modified_gmt":"2015-10-20T16:20:24","slug":"que-pasa-con-las-economias-regionales","status":"publish","type":"post","link":"http:\/\/rurallascolonias.com.ar\/?p=8487","title":{"rendered":"\u00bfQu\u00e9 pasa con las econom\u00edas regionales?"},"content":{"rendered":"<p><strong><em><a href=\"http:\/\/rurallascolonias.com.ar\/wp-content\/uploads\/2014\/06\/programa-CRA-2.jpg\"><img loading=\"lazy\" class=\"alignleft wp-image-3039 size-medium\" src=\"http:\/\/rurallascolonias.com.ar\/wp-content\/uploads\/2014\/06\/programa-CRA-2-300x169.jpg\" alt=\"programa CRA 2\" width=\"300\" height=\"169\" srcset=\"http:\/\/rurallascolonias.com.ar\/wp-content\/uploads\/2014\/06\/programa-CRA-2-300x169.jpg 300w, http:\/\/rurallascolonias.com.ar\/wp-content\/uploads\/2014\/06\/programa-CRA-2-600x339.jpg 600w, http:\/\/rurallascolonias.com.ar\/wp-content\/uploads\/2014\/06\/programa-CRA-2.jpg 615w\" sizes=\"(max-width: 300px) 100vw, 300px\" \/><\/a>En el programa de CRA: Protesta en el Obelisco. Adem\u00e1s Mat\u00edas Tombolini, Mauricio Macri, Daniel Arroyo y Jaime Linares, entre otros<\/em><\/strong><!--more--><\/p>\n<p>En la edici\u00f3n de esta semana del programa de TV de CRA: \u00a0Protesta en el Obelisco porte\u00f1o. Dialogamos con productores de Chaco, Tucum\u00e1n, Mendoza y Entre R\u00edos. Adem\u00e1s el presidente de CRA, Rub\u00e9n Ferrero, explica como est\u00e1n las econom\u00edas regionales.<\/p>\n<p>En lo pol\u00edtico Mauricio Macri y Mar\u00eda Eugenia Vidal nos explican sus propuestas pol\u00edticas enfocadas para el campo.<\/p>\n<p>Tambi\u00e9n hablamos con el economista del momento: Mat\u00edas Tombolini sobre la econom\u00eda que se viene. Y productores agropecuarios de distintas zonas bonaerenses nos dan sus perspectivas de siembra en la provincia de Buenos Aires.<\/p>\n<p>Adem\u00e1s Daniel Arroyo y Jaime Linares nos hablan de las pol\u00edticas que se necesitan para potenciar a nuestro pa\u00eds como productor de alimentos.<\/p>\n<p>Record\u00e1 que podes ver el programa de CRA todos los s\u00e1bados a las 12:30 del mediod\u00eda por Canal Rural.<\/p>\n<p>CRA<\/p>\n","protected":false},"excerpt":{"rendered":"<p>En el programa de CRA: Protesta en el Obelisco. Adem\u00e1s Mat\u00edas Tombolini, Mauricio Macri, Daniel Arroyo y Jaime Linares, entre otros<\/p>\n","protected":false},"author":5,"featured_media":0,"comment_status":"open","ping_status":"open","sticky":false,"template":"","format":"standard","meta":[],"categories":[2306],"tags":[179],"_links":{"self":[{"href":"http:\/\/rurallascolonias.com.ar\/index.php?rest_route=\/wp\/v2\/posts\/8487"}],"collection":[{"href":"http:\/\/rurallascolonias.com.ar\/index.php?rest_route=\/wp\/v2\/posts"}],"about":[{"href":"http:\/\/rurallascolonias.com.ar\/index.php?rest_route=\/wp\/v2\/types\/post"}],"author":[{"embeddable":true,"href":"http:\/\/rurallascolonias.com.ar\/index.php?rest_route=\/wp\/v2\/users\/5"}],"replies":[{"embeddable":true,"href":"http:\/\/rurallascolonias.com.ar\/index.php?rest_route=%2Fwp%2Fv2%2Fcomments&post=8487"}],"version-history":[{"count":1,"href":"http:\/\/rurallascolonias.com.ar\/index.php?rest_route=\/wp\/v2\/posts\/8487\/revisions"}],"predecessor-version":[{"id":8488,"href":"http:\/\/rurallascolonias.com.ar\/index.php?rest_route=\/wp\/v2\/posts\/8487\/revisions\/8488"}],"wp:attachment":[{"href":"http:\/\/rurallascolonias.com.ar\/index.php?rest_route=%2Fwp%2Fv2%2Fmedia&parent=8487"}],"wp:term":[{"taxonomy":"category","embeddable":true,"href":"http:\/\/rurallascolonias.com.ar\/index.php?rest_route=%2Fwp%2Fv2%2Fcategories&post=8487"},{"taxonomy":"post_tag","embeddable":true,"href":"http:\/\/rurallascolonias.com.ar\/index.php?rest_route=%2Fwp%2Fv2%2Ftags&post=8487"}],"curies":[{"name":"wp","href":"https:\/\/api.w.org\/{rel}","templated":true}]}}