{"id":8484,"date":"2015-10-20T16:10:44","date_gmt":"2015-10-20T16:10:44","guid":{"rendered":"http:\/\/rurallascolonias.com.ar\/?p=8484"},"modified":"2015-10-20T16:10:44","modified_gmt":"2015-10-20T16:10:44","slug":"lifschitz-vamos-a-reclamar-con-firmeza-al-gobierno-a-la-hora-de-definir-politicas-agropecuarias","status":"publish","type":"post","link":"http:\/\/rurallascolonias.com.ar\/?p=8484","title":{"rendered":"Lifschitz: \u201cvamos a reclamar con firmeza al Gobierno a la hora de definir pol\u00edticas agropecuarias\u201d"},"content":{"rendered":"<p><strong><em><\/em><\/strong><\/p>\n<h2><a href=\"http:\/\/rurallascolonias.com.ar\/wp-content\/uploads\/2015\/10\/LIFSTICH.jpg\"><img loading=\"lazy\" class=\"alignleft size-full wp-image-8485\" src=\"http:\/\/rurallascolonias.com.ar\/wp-content\/uploads\/2015\/10\/LIFSTICH.jpg\" alt=\"LIFSTICH\" width=\"299\" height=\"168\" \/><\/a>En el acto por el 131\u00b0 aniversario de la Sociedad Rural de Santa Fe, el gobernador electo de Santa Fe, Miguel Lifschitz, defendi\u00f3 al sector y anticip\u00f3 que durante su gesti\u00f3n la provincia no ser\u00e1 \u00abun convidado de piedra\u00bb ante la Naci\u00f3n<\/h2>\n<p><!--more--><\/p>\n<p>La Sociedad Rural de Santa Fe celebr\u00f3 su 131\u00b0 aniversario con un acto llevado a cabo en la sede de la instituci\u00f3n, que cont\u00f3 con la presencia de dirigentes rurales y funcionarios provinciales como el actual senador y futuro gobernador, Miguel Lifschitz. En di\u00e1logo con <strong>Nuestro Agro<\/strong>, presente en la ceremonia, el sucesor de Antonio Bonfatti reconoci\u00f3: \u201cel coraz\u00f3n de la actividad econ\u00f3mica del pa\u00eds, y particularmente de la provincia, sigue siendo el campo. Es inexplicable que en la \u00faltima d\u00e9cada no hayamos tenido una verdadera pol\u00edtica de Estado para el sector\u201d.<\/p>\n<p>Al respecto, afirm\u00f3: \u201cnosotros como provincia, con firmeza, vamos a reclamar frente al pr\u00f3ximo Gobierno nacional porque no queremos que Santa Fe sea un convidado de piedra a la hora de definir las pol\u00edticas agropecuarias\u201d<\/p>\n<p>Para Lifschitz, \u201cel pa\u00eds est\u00e1 en deuda con el sector\u201d y admiti\u00f3 que a partir del 10 de diciembre se iniciar\u00e1 \u201cun momento distinto de Argentina\u201d donde prevalezca el di\u00e1logo entre los diversos sectores, a diferencia de lo que ocurri\u00f3 en los \u00faltimos a\u00f1os. \u201cFue un Gobierno nacional que termin\u00f3 siendo un obst\u00e1culo para el desarrollo de la actividad agropecuaria\u201d, se\u00f1al\u00f3.<\/p>\n<p><strong>\u201cEl campo nunca dej\u00f3 de creer\u201d<\/strong><\/p>\n<p>Por su parte, el presidente de la instituci\u00f3n, Hugo Iturraspe, se mostr\u00f3 optimista de cara al futuro: \u201ca pesar de tener un Gobierno hostil, el campo nunca dej\u00f3 de creer y eso nos ha mantenido vivos. Somos muy conscientes de la \u00e9poca que se acerca y sabemos que si no entran agro d\u00f3lares el pa\u00eds se hace inviable\u201d.<\/p>\n<p>El dirigente ponder\u00f3 el rol del productor e inst\u00f3 a \u201csuperar esta etapa\u201d, caracterizada por malas pol\u00edticas hacia el sector agropecuario: \u201cm\u00e1s temprano o m\u00e1s tarde, los beneficios van a llegar. Estamos produciendo en soledad, pero sin caer en la desaz\u00f3n, porque es lo \u00fanico que sabemos hacer\u201d.<\/p>\n<p><strong>Fuente: Nuestro Agro<\/strong><\/p>\n","protected":false},"excerpt":{"rendered":"<p>En el acto por el 131\u00b0 aniversario de la Sociedad Rural de Santa Fe, el gobernador electo de Santa Fe, Miguel Lifschitz, defendi\u00f3 al sector y anticip\u00f3 que durante su gesti\u00f3n la provincia no ser\u00e1 \u00abun convidado de piedra\u00bb ante la Naci\u00f3n<\/p>\n","protected":false},"author":5,"featured_media":0,"comment_status":"open","ping_status":"open","sticky":false,"template":"","format":"standard","meta":[],"categories":[14],"tags":[2358],"_links":{"self":[{"href":"http:\/\/rurallascolonias.com.ar\/index.php?rest_route=\/wp\/v2\/posts\/8484"}],"collection":[{"href":"http:\/\/rurallascolonias.com.ar\/index.php?rest_route=\/wp\/v2\/posts"}],"about":[{"href":"http:\/\/rurallascolonias.com.ar\/index.php?rest_route=\/wp\/v2\/types\/post"}],"author":[{"embeddable":true,"href":"http:\/\/rurallascolonias.com.ar\/index.php?rest_route=\/wp\/v2\/users\/5"}],"replies":[{"embeddable":true,"href":"http:\/\/rurallascolonias.com.ar\/index.php?rest_route=%2Fwp%2Fv2%2Fcomments&post=8484"}],"version-history":[{"count":1,"href":"http:\/\/rurallascolonias.com.ar\/index.php?rest_route=\/wp\/v2\/posts\/8484\/revisions"}],"predecessor-version":[{"id":8486,"href":"http:\/\/rurallascolonias.com.ar\/index.php?rest_route=\/wp\/v2\/posts\/8484\/revisions\/8486"}],"wp:attachment":[{"href":"http:\/\/rurallascolonias.com.ar\/index.php?rest_route=%2Fwp%2Fv2%2Fmedia&parent=8484"}],"wp:term":[{"taxonomy":"category","embeddable":true,"href":"http:\/\/rurallascolonias.com.ar\/index.php?rest_route=%2Fwp%2Fv2%2Fcategories&post=8484"},{"taxonomy":"post_tag","embeddable":true,"href":"http:\/\/rurallascolonias.com.ar\/index.php?rest_route=%2Fwp%2Fv2%2Ftags&post=8484"}],"curies":[{"name":"wp","href":"https:\/\/api.w.org\/{rel}","templated":true}]}}