{"id":840,"date":"2014-01-09T11:56:41","date_gmt":"2014-01-09T11:56:41","guid":{"rendered":"http:\/\/rurallascolonias.com.ar\/?p=840"},"modified":"2014-01-09T11:56:41","modified_gmt":"2014-01-09T11:56:41","slug":"para-los-productores-la-medida-de-importar-tomates-esta-fuera-de-tiempo-y-espacio","status":"publish","type":"post","link":"http:\/\/rurallascolonias.com.ar\/?p=840","title":{"rendered":"PARA LOS PRODUCTORES LA MEDIDA DE IMPORTAR TOMATES EST\u00c1 FUERA DE \u00abTIEMPO Y ESPACIO\u00bb"},"content":{"rendered":"<p><a href=\"http:\/\/rurallascolonias.com.ar\/wp-content\/uploads\/2014\/01\/tomates-2.jpg\"><img loading=\"lazy\" class=\"aligncenter size-full wp-image-841\" alt=\"tomates 2\" src=\"http:\/\/rurallascolonias.com.ar\/wp-content\/uploads\/2014\/01\/tomates-2.jpg\" width=\"337\" height=\"149\" srcset=\"http:\/\/rurallascolonias.com.ar\/wp-content\/uploads\/2014\/01\/tomates-2.jpg 337w, http:\/\/rurallascolonias.com.ar\/wp-content\/uploads\/2014\/01\/tomates-2-300x132.jpg 300w\" sizes=\"(max-width: 337px) 100vw, 337px\" \/><\/a>La decisi\u00f3n del Gobierno nacional cay\u00f3 muy mal en el sector productivo. \u00abEstamos en plena producci\u00f3n y los precios son bajos\u00bb, se\u00f1alaron desde la actividad.<!--more--><\/p>\n<p>La decisi\u00f3n del Gobierno Nacional de importar tomates del Brasil para garantizar el abastecimiento y el valor del alimento en el nuevo acuerdo de precios, cay\u00f3 muy mal en el sector productivo del pa\u00eds. \u00abHay zonas donde el tomate se va a tener que tirar por el bajo precio que tiene en el mercado\u00bb, comentaron desde la Federaci\u00f3n de Empresarios de Mendoza (Fedemza), seg\u00fan public\u00f3 Sitio Andino.<\/p>\n<p>Esta ma\u00f1ana, el jefe de Gabinete, Jorge Capitanich, asegur\u00f3 que se va a recurrir a la importaci\u00f3n de productos para garantizar la provisi\u00f3n y los precios, acorde al programa de Precios Cuidados, y cit\u00f3 el caso del tomate, que seg\u00fan el Gobierno por circunstancias estacionales reducir\u00e1 la oferta en los pr\u00f3ximos d\u00edas.<\/p>\n<p>\u00abEsta medida est\u00e1 fuera de tiempo y espacio. Actualmente hay mucha producci\u00f3n de tomates en el pa\u00eds y se vende a bajo precio\u201d, indic\u00f3 a SITIO ANDINO, Omar Carrasco, presidente de Fedemza y director regional de Cuyo de la Uni\u00f3n Frutihort\u00edcola (UFHA).<\/p>\n<p>Ante esta noticia, Carrasco consult\u00f3 a la Federaci\u00f3n Latinoamericana de Mercados de Abastecimiento (Flama), uno de los referentes del sector, y seg\u00fan el empresario, desde la instituci\u00f3n tambi\u00e9n se mostraron en desacuerdo con la decisi\u00f3n del Gobierno.<\/p>\n<p>\u00abEstamos en plena producci\u00f3n, es una medida il\u00f3gica, adem\u00e1s no le han consultado a ninguna de las c\u00e1maras productivas\u00bb, expuso el titular de Fedemza.<\/p>\n<p>Para el empresario, la importaci\u00f3n de tomates deber\u00eda llevarse adelante en mayo, junio o julio, donde en esos meses verdaderamente no hay producci\u00f3n local.<\/p>\n<p>\u201cAntes de traer tomates de Brasil, se tendr\u00eda que importar frutas de carozo o kiwis que est\u00e1n faltando. Tambi\u00e9n tendr\u00edan que liberar la exportaci\u00f3n de ajos, ya que las trabas est\u00e1n complicando a ese sector\u201d, aconsej\u00f3 Carrasco.<\/p>\n<p>En tanto, desde la provincia de Misiones, Juan Ram\u00f3n Rodr\u00edguez, director del Mercado Central de Posadas, inform\u00f3 que el abastecimiento de tomates de la zona es \u00ab\u00f3ptimo\u00bb, porque la producci\u00f3n \u00abes buena\u00bb y remarc\u00f3 que por la situaci\u00f3n cambiaria, comerciantes de Brasil cruzan a Misiones a comprar el producto.<\/p>\n<p>\u201cHay zonas de la Argentina donde el tomate se va a tirar porque al productor no le conviene vender por el bajo precio. Esta medida del Gobierno es una burla\u201d, sentenciaron desde la actividad.<\/p>\n<p>Fuente: Infocampo<\/p>\n","protected":false},"excerpt":{"rendered":"<p>La decisi\u00f3n del Gobierno nacional cay\u00f3 muy mal en el sector productivo. \u00abEstamos en plena producci\u00f3n y los precios son bajos\u00bb, se\u00f1alaron desde la actividad.<\/p>\n","protected":false},"author":5,"featured_media":0,"comment_status":"closed","ping_status":"closed","sticky":false,"template":"","format":"standard","meta":[],"categories":[14],"tags":[302,312,346],"_links":{"self":[{"href":"http:\/\/rurallascolonias.com.ar\/index.php?rest_route=\/wp\/v2\/posts\/840"}],"collection":[{"href":"http:\/\/rurallascolonias.com.ar\/index.php?rest_route=\/wp\/v2\/posts"}],"about":[{"href":"http:\/\/rurallascolonias.com.ar\/index.php?rest_route=\/wp\/v2\/types\/post"}],"author":[{"embeddable":true,"href":"http:\/\/rurallascolonias.com.ar\/index.php?rest_route=\/wp\/v2\/users\/5"}],"replies":[{"embeddable":true,"href":"http:\/\/rurallascolonias.com.ar\/index.php?rest_route=%2Fwp%2Fv2%2Fcomments&post=840"}],"version-history":[{"count":1,"href":"http:\/\/rurallascolonias.com.ar\/index.php?rest_route=\/wp\/v2\/posts\/840\/revisions"}],"predecessor-version":[{"id":842,"href":"http:\/\/rurallascolonias.com.ar\/index.php?rest_route=\/wp\/v2\/posts\/840\/revisions\/842"}],"wp:attachment":[{"href":"http:\/\/rurallascolonias.com.ar\/index.php?rest_route=%2Fwp%2Fv2%2Fmedia&parent=840"}],"wp:term":[{"taxonomy":"category","embeddable":true,"href":"http:\/\/rurallascolonias.com.ar\/index.php?rest_route=%2Fwp%2Fv2%2Fcategories&post=840"},{"taxonomy":"post_tag","embeddable":true,"href":"http:\/\/rurallascolonias.com.ar\/index.php?rest_route=%2Fwp%2Fv2%2Ftags&post=840"}],"curies":[{"name":"wp","href":"https:\/\/api.w.org\/{rel}","templated":true}]}}