{"id":8390,"date":"2015-10-08T15:48:37","date_gmt":"2015-10-08T15:48:37","guid":{"rendered":"http:\/\/rurallascolonias.com.ar\/?p=8390"},"modified":"2015-10-08T15:48:37","modified_gmt":"2015-10-08T15:48:37","slug":"la-mil-se-llenara-de-reclamos","status":"publish","type":"post","link":"http:\/\/rurallascolonias.com.ar\/?p=8390","title":{"rendered":"La MIL se llenara de reclamos"},"content":{"rendered":"<p><strong><em><a href=\"http:\/\/rurallascolonias.com.ar\/wp-content\/uploads\/2014\/01\/lecher\u00eda-7.jpg\"><img loading=\"lazy\" class=\"aligncenter size-full wp-image-854\" src=\"http:\/\/rurallascolonias.com.ar\/wp-content\/uploads\/2014\/01\/lecher\u00eda-7.jpg\" alt=\"lecher\u00eda 7\" width=\"275\" height=\"183\" \/><\/a>Lejos de ser noticia, la lecher\u00eda sigue en declive. Nada de definiciones pol\u00edticas, ninguna soluci\u00f3n visible, menos precio para los productores, l\u00e1cteos m\u00e1s caros para el consumo e industrias sobrestockeadas que en plena primavera siguen bajando su perspectiva de pago para la materia prima que abunda<\/em><\/strong><!--more--><\/p>\n<p>No hay agilidad en la extensi\u00f3n de permisos de exportaci\u00f3n, no se consigui\u00f3 generar un fondo antic\u00edclico, ni un precio sost\u00e9n y falta bastante para que los precios de leve recuperaci\u00f3n en el mercado internacional se noten en el bolsillo de los tamberos.<br \/>\nEste es el marco que lleva a promover un reclamo activo este fin de semana coincidiendo con la Muestra Internacional de la Lecher\u00eda, en Morteros.<br \/>\nReducto oficialista en el que se empez\u00f3 a sentir el nerviosismo por la oposici\u00f3n a semejante ostentaci\u00f3n recibir\u00e1 el s\u00e1bado por la tarde a productores santafesinos y cordobeses que con calma pedir\u00e1n \u201cPrecio justo para tamberos y consumidores\u201d.<\/p>\n<p>Reapareci\u00f3<\/p>\n<p>En una nota que publica Radio Belgrano de Suardi en su p\u00e1gina web, reapareci\u00f3 en las \u00faltimas horas el Subsecretario de Lecher\u00eda, haciendo uso del espacio que le facilit\u00f3 uno de sus medios m\u00e1s amigos.<br \/>\nLlama la atenci\u00f3n el nivel de declaraciones de un funcionario que durante todo el conflicto por el precio, que se inici\u00f3 en enero, estall\u00f3 con motivaciones oficiales en julio y termin\u00f3 en nada, estuvo muy lejos de intervenir entre las partes, a pesar de haber presenciado un par de encuentros en Buenos Aires, en aquella mesa t\u00e9cnica por el precio que se diluy\u00f3 sin resultado alguno.<br \/>\nJorge Videla, seg\u00fan el sitio de la radio \u201cadmiti\u00f3 que falt\u00f3 firmeza de parte de la Secretar\u00eda de Comercio con aquellas empresas que bajaron el precio al productor de manera absolutamente injustificada\u201d, en lo que supuestamente se deber\u00eda interpretar como la falta de presi\u00f3n que en tiempos de Guillermo Moreno se usaba. Eso si, jam\u00e1s el Gobierno reconoce trabas a las exportaciones o crisis reales sectoriales; y mucho menos la falta de resultados en el \u00e1rea.<br \/>\nEl medio de comunicaci\u00f3n traslad\u00f3 que el cordob\u00e9s \u201cinform\u00f3 que en las \u00faltimas horas hubo reuniones con APYMEL y Junta Intercooperativa (SanCor) qui\u00e9nes confirmaron que el precio base est\u00e1 en $ 2,70 m\u00e1s los $ 0,30 de subsidios que entrega el Gobierno por lo que cuando uno se entera que ciertas industrias cartelizadas est\u00e1n pagando por debajo de los $ 2,50 se da cuenta de que est\u00e1n especulando y que sobreofertan al mercado interno\u201d. \u201cEstas empresas especularon con una devaluaci\u00f3n en diciembre y enero y ahora lo siguen haciendo. No vendieron cuando lo pudieron hacer y despu\u00e9s cuando cay\u00f3 el precio resolvieron refinanciarse con los productores y hoy le pagan un precio de quebranto\u201d. \u00a0Por suerte, \u201cen torno a las protestas que preparan Meprolsaf\u00e9 y Caprolec en el marco de la MIL, Videla dijo no tener objeciones ya que tienen libertad de expresarse\u201d, mientras sigue lament\u00e1ndose por no haber conseguido la Ley de Lecher\u00eda sin consenso, pero para la que nunca m\u00e1s volvi\u00f3 a trabajar para poner de acuerdo a las partes interesadas.<br \/>\nEsta reaparici\u00f3n habla de una profunda preocupaci\u00f3n del funcionario, que concretamente no se arriesga a convocar a las entidades, a todas, sino simplemente resguardarse en obligaciones extremas de contacto, sin respuestas y con una lecher\u00eda m\u00e1s cr\u00edtica que la de hace diez a\u00f1os y con una producci\u00f3n que se clav\u00f3 en los 11 mil millones de litros al a\u00f1o, pero repartida en muchas menos unidades productivas, con lo cual, ni la concentraci\u00f3n pudo detenerse en este proceso.<\/p>\n<p>Por Elida Thiery<\/p>\n","protected":false},"excerpt":{"rendered":"<p>Lejos de ser noticia, la lecher\u00eda sigue en declive. Nada de definiciones pol\u00edticas, ninguna soluci\u00f3n visible, menos precio para los productores, l\u00e1cteos m\u00e1s caros para el consumo e industrias sobrestockeadas que en plena primavera siguen bajando su perspectiva de pago para la materia prima que abunda<\/p>\n","protected":false},"author":5,"featured_media":0,"comment_status":"open","ping_status":"open","sticky":false,"template":"","format":"standard","meta":[],"categories":[46],"tags":[89,2342,192],"_links":{"self":[{"href":"http:\/\/rurallascolonias.com.ar\/index.php?rest_route=\/wp\/v2\/posts\/8390"}],"collection":[{"href":"http:\/\/rurallascolonias.com.ar\/index.php?rest_route=\/wp\/v2\/posts"}],"about":[{"href":"http:\/\/rurallascolonias.com.ar\/index.php?rest_route=\/wp\/v2\/types\/post"}],"author":[{"embeddable":true,"href":"http:\/\/rurallascolonias.com.ar\/index.php?rest_route=\/wp\/v2\/users\/5"}],"replies":[{"embeddable":true,"href":"http:\/\/rurallascolonias.com.ar\/index.php?rest_route=%2Fwp%2Fv2%2Fcomments&post=8390"}],"version-history":[{"count":1,"href":"http:\/\/rurallascolonias.com.ar\/index.php?rest_route=\/wp\/v2\/posts\/8390\/revisions"}],"predecessor-version":[{"id":8391,"href":"http:\/\/rurallascolonias.com.ar\/index.php?rest_route=\/wp\/v2\/posts\/8390\/revisions\/8391"}],"wp:attachment":[{"href":"http:\/\/rurallascolonias.com.ar\/index.php?rest_route=%2Fwp%2Fv2%2Fmedia&parent=8390"}],"wp:term":[{"taxonomy":"category","embeddable":true,"href":"http:\/\/rurallascolonias.com.ar\/index.php?rest_route=%2Fwp%2Fv2%2Fcategories&post=8390"},{"taxonomy":"post_tag","embeddable":true,"href":"http:\/\/rurallascolonias.com.ar\/index.php?rest_route=%2Fwp%2Fv2%2Ftags&post=8390"}],"curies":[{"name":"wp","href":"https:\/\/api.w.org\/{rel}","templated":true}]}}