{"id":8364,"date":"2015-10-06T16:33:12","date_gmt":"2015-10-06T16:33:12","guid":{"rendered":"http:\/\/rurallascolonias.com.ar\/?p=8364"},"modified":"2015-10-06T16:33:12","modified_gmt":"2015-10-06T16:33:12","slug":"las-entidades-que-quedaron-en-la-mesa-de-enlace-protestaran-en-el-obelisco","status":"publish","type":"post","link":"http:\/\/rurallascolonias.com.ar\/?p=8364","title":{"rendered":"Las entidades que quedaron en la Mesa de Enlace protestar\u00e1n en el Obelisco"},"content":{"rendered":"<h2><a href=\"http:\/\/rurallascolonias.com.ar\/wp-content\/uploads\/2015\/07\/Mesa-de-Enlace-4.jpg\"><img loading=\"lazy\" class=\"aligncenter size-full wp-image-7464\" src=\"http:\/\/rurallascolonias.com.ar\/wp-content\/uploads\/2015\/07\/Mesa-de-Enlace-4.jpg\" alt=\"Mesa de Enlace 4\" width=\"299\" height=\"168\" \/><\/a>La protesta se realizar\u00e1 el pr\u00f3ximo mi\u00e9rcoles con CRA, SRA y CONINAGRO como protagonistas. Expondr\u00e1n la situaci\u00f3n que atraviesan las distintas producciones y har\u00e1n un balance de las pol\u00edticas hacia el campo<\/h2>\n<p><!--more--><\/p>\n<p>La Sociedad Rural Argentina (SRA), Confederaciones Rurales Argentinas (CRA) y Coninagro realizar\u00e1n una protesta el mi\u00e9rcoles 14 en el Obelisco para explicar ante la opini\u00f3n p\u00fablica \u00abel da\u00f1o\u00bb que el kirchnerismo le caus\u00f3 al campo con sus pol\u00edticas en sus 12 a\u00f1os en el poder, seg\u00fan public\u00f3 La Naci\u00f3n.<\/p>\n<p>La jornada repetir\u00e1 el modo de acci\u00f3n de una protesta de hace dos a\u00f1os en el mismo lugar. En esa oportunidad, cuando a\u00fan estaba Federaci\u00f3n Agraria Argentina (FAA) dentro de la Mesa de Enlace, las cuatro entidades pusieron una especie de verduler\u00eda para mostrar la diferencia entre los bajos valores cobrados por los productores y los altos precios pagados en las g\u00f3ndolas por los consumidores. Para el 14 de este mes vendr\u00e1n productores de diversas regiones que pondr\u00e1n \u00e9nfasis, con sus productos en escena, en esa disparidad. Pero el foco de la movilizaci\u00f3n de las entidades tambi\u00e9n estar\u00e1 en el balance final de las pol\u00edticas del kirchnerismo hacia el campo.<\/p>\n<p>\u00abVamos a decir que desaparecieron 95.000 productores agropecuarios, hay 138 frigor\u00edficos cerrados, 20.000 obreros de la carne en la calle, se dieron las peores siembras de trigo en m\u00e1s de cien a\u00f1os, se redujo el \u00e1rea sembrada por cuarto a\u00f1o consecutivo, algo que no pasaba de los a\u00f1os cuarenta, que este a\u00f1o los yuyos y malezas van a ser la cuarta superficie y que ac\u00e1 van haber m\u00e1s hect\u00e1reas abandonadas que el total de siembra en Uruguay. En Uruguay siembran 1,7 millones de hect\u00e1reas agr\u00edcolas y aqu\u00ed habr\u00e1 2 millones de hect\u00e1reas abandonadas\u00bb, enumer\u00f3 Luis Miguel Etchevehere, presidente de la Rural. \u00abQueremos decirle a la opini\u00f3n p\u00fablica el da\u00f1o que le causaron al pa\u00eds\u00bb, agreg\u00f3.<\/p>\n<p>Rub\u00e9n Ferrero, presidente de CRA, cont\u00f3 que en la jornada hablar\u00e1n productores de diversas regiones del pa\u00eds. \u00abLa idea es presentar la realidad de las distintas producciones\u00bb, se\u00f1al\u00f3. El dirigente aclar\u00f3 que si bien llegar\u00e1n productores hasta Buenos Aires para concurrir a la protesta, no se har\u00e1 una marcha con tractores. \u00abDe tractorazo nunca se habl\u00f3. En la Capital Federal un tractorazo es pr\u00e1cticamente imposible\u00bb, dijo.<\/p>\n<p><strong>Fuente: La Naci\u00f3n<\/strong><\/p>\n","protected":false},"excerpt":{"rendered":"<p>La protesta se realizar\u00e1 el pr\u00f3ximo mi\u00e9rcoles con CRA, SRA y CONINAGRO como protagonistas. Expondr\u00e1n la situaci\u00f3n que atraviesan las distintas producciones y har\u00e1n un balance de las pol\u00edticas hacia el campo<\/p>\n","protected":false},"author":5,"featured_media":0,"comment_status":"open","ping_status":"open","sticky":false,"template":"","format":"standard","meta":[],"categories":[42],"tags":[34,2337,374],"_links":{"self":[{"href":"http:\/\/rurallascolonias.com.ar\/index.php?rest_route=\/wp\/v2\/posts\/8364"}],"collection":[{"href":"http:\/\/rurallascolonias.com.ar\/index.php?rest_route=\/wp\/v2\/posts"}],"about":[{"href":"http:\/\/rurallascolonias.com.ar\/index.php?rest_route=\/wp\/v2\/types\/post"}],"author":[{"embeddable":true,"href":"http:\/\/rurallascolonias.com.ar\/index.php?rest_route=\/wp\/v2\/users\/5"}],"replies":[{"embeddable":true,"href":"http:\/\/rurallascolonias.com.ar\/index.php?rest_route=%2Fwp%2Fv2%2Fcomments&post=8364"}],"version-history":[{"count":1,"href":"http:\/\/rurallascolonias.com.ar\/index.php?rest_route=\/wp\/v2\/posts\/8364\/revisions"}],"predecessor-version":[{"id":8365,"href":"http:\/\/rurallascolonias.com.ar\/index.php?rest_route=\/wp\/v2\/posts\/8364\/revisions\/8365"}],"wp:attachment":[{"href":"http:\/\/rurallascolonias.com.ar\/index.php?rest_route=%2Fwp%2Fv2%2Fmedia&parent=8364"}],"wp:term":[{"taxonomy":"category","embeddable":true,"href":"http:\/\/rurallascolonias.com.ar\/index.php?rest_route=%2Fwp%2Fv2%2Fcategories&post=8364"},{"taxonomy":"post_tag","embeddable":true,"href":"http:\/\/rurallascolonias.com.ar\/index.php?rest_route=%2Fwp%2Fv2%2Ftags&post=8364"}],"curies":[{"name":"wp","href":"https:\/\/api.w.org\/{rel}","templated":true}]}}