{"id":8344,"date":"2015-10-05T16:07:21","date_gmt":"2015-10-05T16:07:21","guid":{"rendered":"http:\/\/rurallascolonias.com.ar\/?p=8344"},"modified":"2015-10-05T16:07:21","modified_gmt":"2015-10-05T16:07:21","slug":"default-nacional-sobre-la-lecheria","status":"publish","type":"post","link":"http:\/\/rurallascolonias.com.ar\/?p=8344","title":{"rendered":"Default nacional sobre la lecher\u00eda"},"content":{"rendered":"<p><em><strong><\/strong><\/em><\/p>\n<h2 class=\"tt3 subtitulo\"><a href=\"http:\/\/rurallascolonias.com.ar\/wp-content\/uploads\/2015\/10\/vacas-4.jpg\"><img loading=\"lazy\" class=\"aligncenter size-full wp-image-8345\" src=\"http:\/\/rurallascolonias.com.ar\/wp-content\/uploads\/2015\/10\/vacas-4.jpg\" alt=\"vacas 4\" width=\"259\" height=\"194\" \/><\/a>LOS SUBSIDIOS DE JUNIO DEBIERON PAGARSE EL MI\u00c9RCOLES Y LOS TAMBEROS NO TUVIERON NOVEDADES EN LA SEMANA QUE CONCLUYE. DESESPERACI\u00d3N ENTRE LA PRODUCCI\u00d3N Y FALTA DE CUMPLIMIENTO DE LA M\u00cdNIMA FUNCI\u00d3N P\u00daBLICA PARA MEJORAR LA CONDICI\u00d3N SECTORIAL ALIENTAN M\u00c1S RECLAMOS<\/h2>\n<p><!--more--><\/p>\n<div>\u00a0Sin corresponder al idioma castellano, a la palabra default los argentinos la tenemos muy bien ubicada en su significado, entendi\u00e9ndola como una cesaci\u00f3n de pagos y la consecuente subyacencia de una deuda.<br \/>\nSi bien este es el Gobierno heroico de los discursos sobre los pagos de deudas, la fijaci\u00f3n pareciera estar m\u00e1s hacia afuera que respecto a los pendientes a nivel interno.<br \/>\nFue en marzo que con las lluvias y el oportunismo de los anuncios pre campa\u00f1a, se decidi\u00f3 sacar a algunos funcionarios del Ministerio de Agricultura a pasear por algunos sectores productivos, lugares donde nunca se vio al titular de la cartera, para que hagan anuncios de aportes. Las emergencias a\u00fan no se cobraron, los caminos rurales a\u00fan no se arreglaron, por lo menos en el departamento donde est\u00e1n sin ejecutar los presupuestos prometidos, siendo un claro ejemplo de eso el de Rafaela (aprobado el aporte recientemente por el Concejo Municipal).<br \/>\nRespecto a los tamberos, fue justo hace siete meses que se prometi\u00f3 un primer tramo de subsidios, restringidos a los productores de hasta 2.900 litros por mes, entregando 30 centavos, hecho negado unos meses atr\u00e1s, pero entendido como un gesto pro voto, luego de una salida clim\u00e1ticamente compleja del verano. Eso se pag\u00f3, tarde, pero lleg\u00f3 a los pocos incluidos y a los m\u00e1s avezados que lograron poder completar todos los requisitos cibern\u00e9ticos.<br \/>\nResulta que con un desplomado esquema de precios a nivel internacional, la constante baja interna e incluso los altercados frente a las industrias de julio, que obligaron a di\u00e1logos forzosos pero sin resultados, con la disoluci\u00f3n de la mesa de debate por el precio y una constante falta de comprensi\u00f3n sobre las variables que hacen al particular mercado lechero argentino.<br \/>\nFuncionarios ocultos, tamberos desauciados e industriales sobrestockeados hacen a un marco particular de situaci\u00f3n, m\u00e1s a\u00fan despu\u00e9s del anuncio que del s\u00e9ptimo mes del a\u00f1o ilusionaba m\u00ednimamente a algunos, pero que demandar\u00eda una confirmaci\u00f3n de un mes m\u00e1s, con la intervenci\u00f3n en cadena nacional de la Presidente de la Naci\u00f3n, con intensos errores de concepto sobre las formas de pago y la intervenci\u00f3n industrial en el tema.<br \/>\nPero se logr\u00f3, Axel Kicillof explicaba que el \u00abr\u00e9gimen de recomposici\u00f3n del peque\u00f1o productor lechero\u00bb se iba a dar para los primeros 2.900 de los tambos de hasta seis mil litros, si bien se hab\u00eda concebido por tres meses, se conoci\u00f3 luego que le dar\u00edan una habilitaci\u00f3n mensual. Desde ah\u00ed se avanz\u00f3 a permitir la carga de datos respecto al mes de junio, que ser\u00eda el primer pago del segundo tramo. Silencio de por medio, se supo al comienzo de setiembre que ser\u00eda el 30 del mes cuando se abone la primera suma, de hasta 26.100 pesos por productor, surgidos de un fondo de hasta 120 millones.<br \/>\nPero pas\u00f3 el mi\u00e9rcoles y no hubo movimientos bancarios. Ante el reclamo se explic\u00f3 desde la Secretar\u00eda de Comercio Interior que los pagos podr\u00edan llegar entre jueves y viernes, pero tampoco nada sucedi\u00f3.<br \/>\nKicillof apareci\u00f3 ayer para confirmar el pago del Boden 2015, por 5.900 millones de d\u00f3lares, a todo tipo de acreedores, que en definitiva son especuladores sobre la deuda del propio Estado, tantas veces combatidos desde la palabra, pero jam\u00e1s librados al azar. Mientras un Bonar 2020, que se suscribir\u00e1 en d\u00f3lares y tendr\u00e1 un cup\u00f3n del 8 por ciento anual se anunci\u00f3 tambi\u00e9n, el Ministro que cuenta con fan\u00e1ticas que lo vitorean en algunas cadenas nacionales, no hizo referencia alguna sobre la deuda contra\u00edda con los tamberos y que seg\u00fan el calendario tiene una demora de m\u00e1s de dos meses, respecto a cu\u00e1ndo los productores cobraron el total de dinero correspondiente por parte de la industria.<\/div>\n<div><\/div>\n<div><strong>Por monedas<\/strong><\/div>\n<div><\/div>\n<div>Est\u00e1 claro que el Gobierno Nacional jam\u00e1s entendi\u00f3 el \u00abnegocio\u00bb. El de tener al campo de aliado para que se produzca y recaude m\u00e1s, pero tampoco la informalidad de la lecher\u00eda y la inestabilidad del mercado en s\u00ed.<br \/>\nDesde su creaci\u00f3n y anuncio, hace exactamente seis a\u00f1os, la Subsecretar\u00eda de Lecher\u00eda no logr\u00f3 concretar nada. Ni estabilizar a las cooperativas con ayudas econ\u00f3micas espasm\u00f3dicas, consolidar mercados para los exportadores, mejorar los precios para el consumo interno, blanquear a toda la lecher\u00eda, generar estad\u00edsticas, pero mucho menos conseguir imponer el objetivo primigenio, el de la Liquidaci\u00f3n \u00danica para la leche, donde el pago por calidad y no por cantidad sea la variable fundamental, ya que de hecho, se sigue hablando de valor por litro y en los propios documentos que hizo firmar en julio el Minagri, se cita as\u00ed el caso y no se mencionan ni s\u00f3lidos, ni nada parecido.<br \/>\nAs\u00ed la Naci\u00f3n est\u00e1 en falta con los tamberos y los productores lo sienten. La ilusi\u00f3n de cobrar el 30 o como mucho ayer se desvaneci\u00f3 y con ello las promesas de cancelaci\u00f3n de compromisos econ\u00f3micos con proveedores, entre tantas otras cosas.<br \/>\nSe entiende as\u00ed que la simple aceptaci\u00f3n de las condiciones, por parte de las personas que integran desde su inicio a la Subsecretar\u00eda de Lecher\u00eda, las mismas que sobrevivieron a las gestiones de tres ministros, implica una concordancia con la falta de acci\u00f3n, por m\u00e1s que en confianza algunos traten de despegarse de los mayores responsables del tema, como es el caso de Jorge Videla.<br \/>\n\u00abNo deber\u00edamos estar cobrando de 3,20 pesos por litro, para sostenernos en el negocio, pero ahora en octubre vamos a llegar a los 2,20 o 2,30 en promedio, entonces con una deflaci\u00f3n de hasta un 33 por ciento en nuestro negocio nos pone en una situaci\u00f3n desesperante\u00bb, explic\u00f3 a CASTELLANOS Marcelo Aimaro.<br \/>\nEl presidente de la Mesa de Productores de Leche de Santa Fe remarc\u00f3 que en los pueblos la falta de dinero en los tambos se nota ya en las actividades comerciales, por eso se entiende que \u00abdespu\u00e9s de tocar todas las puertas posibles, llevando todo tipo de propuestas. Colaboramos con el estudio de competitividad en 2012, pero fue una tomada de pelo, porque despu\u00e9s que nos hicieron trabajar no nos contestaron y nunca conocimos los resultados. Por eso hay que terminar de una vez por todas por la dominancia de una parte, como es el caso de la industria y con la ceguera de otra, porque siempre quedamos en el medio y se hace cada vez m\u00e1s dif\u00edcil reclamar algo despu\u00e9s de muchos a\u00f1os de sostener la intenci\u00f3n de no cambiar nada\u00bb.<br \/>\nEs un momento en el que desde la Asociaci\u00f3n de Productores de Leche de la Rep\u00fablica Argentina hacen menci\u00f3n a que \u00absi bien el precio de la leche cruda es motivo de gran preocupaci\u00f3n, y se podr\u00eda decir que nacimos gracias a su bajo valor, en realidad, estamos queriendo trabajar, aportar ideas nuevas, y ponerle el hombro a situaciones superadoras\u00bb, intentando alivianar la carga de no haber conseguido la promesa de julio de sostener a la leche en 3,40 pesos por litro, o pelear en el Ministerio de Econom\u00eda porque no hab\u00eda manera de traer a la cuenca lechera noticias en ese sentido, sino todo lo contrario.<br \/>\nSe pone dif\u00edcil la lecher\u00eda, tanto que para la Muestra Internacional de Lecher\u00eda en Morteros, c\u00f3nclave oficialista, parece que no habr\u00e1 visita de funcionarios este a\u00f1o y de forma in\u00e9dita, quiz\u00e1 por el temor a los reclamos, a protestas inusuales, con lo cual Ider Peretti s\u00f3lo tendr\u00e1 una muestra gen\u00e9tica de Holando y un paseo para los morterenses.<\/div>\n<div><\/div>\n<div><strong>Alertas<\/strong><\/div>\n<div><\/div>\n<div>Marcelo Aimaro llama a los productores a \u00absalir del ostracismo y dejar de esperar que nos traigan las soluciones, tenemos que participar en la entidad que m\u00e1s nos guste, porque hoy las instituciones de la regi\u00f3n est\u00e1n regenerando el consenso y sumando fuerza para ser escuchados en un tema recurrente\u00bb.<br \/>\nEsta es una situaci\u00f3n que se replica en todas las entidades y es por eso que no se descartan reclamos activos y como adelant\u00f3 este Diario, ordenados, respetuosos, pero concretos, para que la depreciaci\u00f3n de la lecher\u00eda sea de dominio p\u00fablico y que las pol\u00edticas empiecen a acompa\u00f1ar la problem\u00e1tica constante.<\/div>\n<div><\/div>\n<div>Por Elida Thiery<\/div>\n","protected":false},"excerpt":{"rendered":"<p>LOS SUBSIDIOS DE JUNIO DEBIERON PAGARSE EL MI\u00c9RCOLES Y LOS TAMBEROS NO TUVIERON NOVEDADES EN LA SEMANA QUE CONCLUYE. DESESPERACI\u00d3N ENTRE LA PRODUCCI\u00d3N Y FALTA DE CUMPLIMIENTO DE LA M\u00cdNIMA FUNCI\u00d3N P\u00daBLICA PARA MEJORAR LA CONDICI\u00d3N SECTORIAL ALIENTAN M\u00c1S RECLAMOS<\/p>\n","protected":false},"author":5,"featured_media":0,"comment_status":"open","ping_status":"open","sticky":false,"template":"","format":"standard","meta":[],"categories":[46],"tags":[89],"_links":{"self":[{"href":"http:\/\/rurallascolonias.com.ar\/index.php?rest_route=\/wp\/v2\/posts\/8344"}],"collection":[{"href":"http:\/\/rurallascolonias.com.ar\/index.php?rest_route=\/wp\/v2\/posts"}],"about":[{"href":"http:\/\/rurallascolonias.com.ar\/index.php?rest_route=\/wp\/v2\/types\/post"}],"author":[{"embeddable":true,"href":"http:\/\/rurallascolonias.com.ar\/index.php?rest_route=\/wp\/v2\/users\/5"}],"replies":[{"embeddable":true,"href":"http:\/\/rurallascolonias.com.ar\/index.php?rest_route=%2Fwp%2Fv2%2Fcomments&post=8344"}],"version-history":[{"count":1,"href":"http:\/\/rurallascolonias.com.ar\/index.php?rest_route=\/wp\/v2\/posts\/8344\/revisions"}],"predecessor-version":[{"id":8346,"href":"http:\/\/rurallascolonias.com.ar\/index.php?rest_route=\/wp\/v2\/posts\/8344\/revisions\/8346"}],"wp:attachment":[{"href":"http:\/\/rurallascolonias.com.ar\/index.php?rest_route=%2Fwp%2Fv2%2Fmedia&parent=8344"}],"wp:term":[{"taxonomy":"category","embeddable":true,"href":"http:\/\/rurallascolonias.com.ar\/index.php?rest_route=%2Fwp%2Fv2%2Fcategories&post=8344"},{"taxonomy":"post_tag","embeddable":true,"href":"http:\/\/rurallascolonias.com.ar\/index.php?rest_route=%2Fwp%2Fv2%2Ftags&post=8344"}],"curies":[{"name":"wp","href":"https:\/\/api.w.org\/{rel}","templated":true}]}}