{"id":8340,"date":"2015-10-02T18:10:04","date_gmt":"2015-10-02T18:10:04","guid":{"rendered":"http:\/\/rurallascolonias.com.ar\/?p=8340"},"modified":"2015-10-02T18:10:04","modified_gmt":"2015-10-02T18:10:04","slug":"en-20-dias-comienza-a-regir-el-nuevo-registro-nacional-para-frigorificos","status":"publish","type":"post","link":"http:\/\/rurallascolonias.com.ar\/?p=8340","title":{"rendered":"En 20 d\u00edas comienza a regir el nuevo registro nacional para frigor\u00edficos"},"content":{"rendered":"<p><a href=\"http:\/\/rurallascolonias.com.ar\/wp-content\/uploads\/2014\/02\/frigor\u00edfico.jpg\"><img loading=\"lazy\" class=\"aligncenter size-full wp-image-1371\" src=\"http:\/\/rurallascolonias.com.ar\/wp-content\/uploads\/2014\/02\/frigor\u00edfico.jpg\" alt=\"frigor\u00edfico\" width=\"337\" height=\"149\" srcset=\"http:\/\/rurallascolonias.com.ar\/wp-content\/uploads\/2014\/02\/frigor\u00edfico.jpg 337w, http:\/\/rurallascolonias.com.ar\/wp-content\/uploads\/2014\/02\/frigor\u00edfico-300x132.jpg 300w\" sizes=\"(max-width: 337px) 100vw, 337px\" \/><\/a><strong>As\u00ed lo inform\u00f3 el Ministerio de Agricultura de la Naci\u00f3n. Los detalles del nuevo sistema<\/strong><!--more--><\/p>\n<p>El Ministerio de Agricultura, Ganader\u00eda y Pesca de la Naci\u00f3n inform\u00f3 que, a partir del 19 de octubre, entrar\u00e1 en vigencia el nuevo Sistema Integral de Faena (SIF) a trav\u00e9s del cual los titulares de establecimientos faenadores registrar\u00e1n la hacienda con destino a faena.<\/p>\n<p>\u201cLa Direcci\u00f3n Nacional de Matriculaci\u00f3n y Fiscalizaci\u00f3n (autoridad de aplicaci\u00f3n del SIF) solicita a los titulares de establecimientos comenzar a utilizar el nuevo sistema a la brevedad para evitar futuras sanciones una vez vencido el plazo de 30 d\u00edas establecido en la Resoluci\u00f3n, al tiempo que informa que el cierre de los Documentos de Tr\u00e1nsito Electr\u00f3nico (DT-e) una vez arribada la tropa al establecimiento, la confecci\u00f3n de los Romaneos de Playa y el ingreso del resultado de faena en SIF son de car\u00e1cter obligatorio\u201d, se\u00f1al\u00f3 la cartera que encabeza Carlos Casamiquela, seg\u00fan public\u00f3 el diario La Voz del Interior.<\/p>\n<p>Cabe recordar que la norma fue implementada mediante la Resoluci\u00f3n N\u00b0 586\/2015, publicada en el Bolet\u00edn Oficial el 18 de septiembre de 2015. Por esto, a partir del 19 de octubre, la Direcci\u00f3n Nacional de Matriculaci\u00f3n y Fiscalizaci\u00f3n dispondr\u00e1 la suspensi\u00f3n autom\u00e1tica para la emisi\u00f3n de DT-e a aquellos destinos de operadores que incumplan con lo dispuesto en la presente resoluci\u00f3n.<\/p>\n<p>Detalles<\/p>\n<p>Mediante el nuevo sistema, los operadores podr\u00e1n seguir de manera online la carga de informaci\u00f3n, reducir la documentaci\u00f3n en soporte papel reemplaz\u00e1ndola por registros electr\u00f3nicos, dejar de enviar las declaraciones juradas de faena remitidas en forma manual o a trav\u00e9s de los sistemas MAT y Faena Porcina, importar y exportar datos, lo que genera reducci\u00f3n de costos.<\/p>\n<p>Desde el Ministerio realizaron una serie de aclaraciones en virtud de las consultas e inquietudes recibidas por parte de Frigor\u00edficos y C\u00e1maras:<\/p>\n<p>Obligatorio. La utilizaci\u00f3n del nuevo sistema (SIF) es de car\u00e1cter obligatorio para todos los frigor\u00edficos del pa\u00eds.<\/p>\n<p>Notificaciones. La Direcci\u00f3n Nacional de Matriculaci\u00f3n y Fiscalizaci\u00f3n se encuentra actualmente notificando a cada Provincia la obligatoriedad del uso del SIF por parte de los Frigor\u00edficos.<\/p>\n<p>Cierre del Documento de Tr\u00e1nsito Electr\u00f3nico al arribo. Por cada tropa arribada al establecimiento, es obligaci\u00f3n del responsable del mismo proceder al cierre inmediato del DT-e en el sistema o a la declaraci\u00f3n de no arribo.<\/p>\n<p>Romaneos de Playa. La utilizaci\u00f3n de Romaneos de Playa y su carga en el SIF son de car\u00e1cter obligatorio. Los Romaneos de Playa se adquieren a trav\u00e9s de SIRO, sistema de uso obligatorio para todos los frigor\u00edficos seg\u00fan lo establece la Resoluci\u00f3n N\u00b0 242\/2015 publicada el d\u00eda 3 de julio de 2015.<\/p>\n<p>Resultado de Faena. Es obligatoria la confecci\u00f3n e impresi\u00f3n del mismo mediante el SIF de todas las tropas a la finalizaci\u00f3n de la faena.<\/p>\n","protected":false},"excerpt":{"rendered":"<p>As\u00ed lo inform\u00f3 el Ministerio de Agricultura de la Naci\u00f3n. Los detalles del nuevo sistema<\/p>\n","protected":false},"author":5,"featured_media":0,"comment_status":"open","ping_status":"open","sticky":false,"template":"","format":"standard","meta":[],"categories":[42],"tags":[2332],"_links":{"self":[{"href":"http:\/\/rurallascolonias.com.ar\/index.php?rest_route=\/wp\/v2\/posts\/8340"}],"collection":[{"href":"http:\/\/rurallascolonias.com.ar\/index.php?rest_route=\/wp\/v2\/posts"}],"about":[{"href":"http:\/\/rurallascolonias.com.ar\/index.php?rest_route=\/wp\/v2\/types\/post"}],"author":[{"embeddable":true,"href":"http:\/\/rurallascolonias.com.ar\/index.php?rest_route=\/wp\/v2\/users\/5"}],"replies":[{"embeddable":true,"href":"http:\/\/rurallascolonias.com.ar\/index.php?rest_route=%2Fwp%2Fv2%2Fcomments&post=8340"}],"version-history":[{"count":1,"href":"http:\/\/rurallascolonias.com.ar\/index.php?rest_route=\/wp\/v2\/posts\/8340\/revisions"}],"predecessor-version":[{"id":8341,"href":"http:\/\/rurallascolonias.com.ar\/index.php?rest_route=\/wp\/v2\/posts\/8340\/revisions\/8341"}],"wp:attachment":[{"href":"http:\/\/rurallascolonias.com.ar\/index.php?rest_route=%2Fwp%2Fv2%2Fmedia&parent=8340"}],"wp:term":[{"taxonomy":"category","embeddable":true,"href":"http:\/\/rurallascolonias.com.ar\/index.php?rest_route=%2Fwp%2Fv2%2Fcategories&post=8340"},{"taxonomy":"post_tag","embeddable":true,"href":"http:\/\/rurallascolonias.com.ar\/index.php?rest_route=%2Fwp%2Fv2%2Ftags&post=8340"}],"curies":[{"name":"wp","href":"https:\/\/api.w.org\/{rel}","templated":true}]}}