{"id":830,"date":"2014-01-08T14:22:16","date_gmt":"2014-01-08T14:22:16","guid":{"rendered":"http:\/\/rurallascolonias.com.ar\/?p=830"},"modified":"2014-01-08T14:22:16","modified_gmt":"2014-01-08T14:22:16","slug":"el-gobierno-importara-tomates-de-brasil","status":"publish","type":"post","link":"http:\/\/rurallascolonias.com.ar\/?p=830","title":{"rendered":"EL GOBIERNO IMPORTAR\u00c1 TOMATES DE BRASIL"},"content":{"rendered":"<div><a href=\"http:\/\/rurallascolonias.com.ar\/wp-content\/uploads\/2014\/01\/tomates.jpg\"><img loading=\"lazy\" class=\"aligncenter size-full wp-image-831\" alt=\"tomates\" src=\"http:\/\/rurallascolonias.com.ar\/wp-content\/uploads\/2014\/01\/tomates.jpg\" width=\"280\" height=\"180\" \/><\/a>Lo anunci\u00f3 el jefe de gabinete Jorge Capitanich esta ma\u00f1ana. Buscan evitar subas en los productos del acuerdo de precios.<!--more--><\/div>\n<div><\/div>\n<div>\n<p>El Gobierno anticip\u00f3 que permitir\u00e1 la importaci\u00f3n de todos los productos que sean necesarios para impedir subas en los \u00abprecios cuidados\u00bb de la canasta de 100 productos lanzada esta semana.<\/p>\n<p align=\"justify\">La decisi\u00f3n fue comunicada por el jefe de Gabinete, Jorge Capitanich, en la conferencia que dio esta ma\u00f1ana en Casa Rosada. El funcionario explic\u00f3 que la resoluci\u00f3n fue tomada tras la evaluaci\u00f3n del \u00abcomportamiento de determinados tipos de bienes, principalmente los de car\u00e1cter estacional\u00bb.<\/p>\n<p align=\"justify\">A modo de ejemplo, el chaque\u00f1o nombr\u00f3 el caso del tomate, que \u00abse estima que por problemas clim\u00e1ticos podr\u00eda tener problemas de oferta y por lo tanto incrementos de precios en los pr\u00f3ximos d\u00edas\u00bb. Para intentar garantizar que el kilo siga pag\u00e1ndose a $10,50, \u00abla Presidente instruy\u00f3 a (el ministro de Econom\u00eda, Axel) Kicillof para que a trav\u00e9s del Mercado Central propicie la importaci\u00f3n de tomates de Brasil para garantizar el abastecimiento y el precio; si es posible con precios inferiores a los de mercado, mejor\u00bb.<\/p>\n<p align=\"justify\">Capitanich adelant\u00f3 que la misma medida se tomar\u00e1 \u00abcon todos los bienes que experimenten problemas estacionales o que puedan afectar el programa de precios cuidados, a los efectos de garantizar que el consumidor tenga todos los bienes del programa\u00bb.<\/p>\n<p align=\"justify\">Fuente:\u00a0<a title=\"Edici\u00f3n Rural\" href=\"http:\/\/www.edicionrural.com\/\">Edici\u00f3n Rural<\/a><\/p>\n<\/div>\n","protected":false},"excerpt":{"rendered":"<p>Lo anunci\u00f3 el jefe de gabinete Jorge Capitanich esta ma\u00f1ana. Buscan evitar subas en los productos del acuerdo de precios.<\/p>\n","protected":false},"author":5,"featured_media":0,"comment_status":"closed","ping_status":"closed","sticky":false,"template":"","format":"standard","meta":[],"categories":[18],"tags":[342,302,71,341],"_links":{"self":[{"href":"http:\/\/rurallascolonias.com.ar\/index.php?rest_route=\/wp\/v2\/posts\/830"}],"collection":[{"href":"http:\/\/rurallascolonias.com.ar\/index.php?rest_route=\/wp\/v2\/posts"}],"about":[{"href":"http:\/\/rurallascolonias.com.ar\/index.php?rest_route=\/wp\/v2\/types\/post"}],"author":[{"embeddable":true,"href":"http:\/\/rurallascolonias.com.ar\/index.php?rest_route=\/wp\/v2\/users\/5"}],"replies":[{"embeddable":true,"href":"http:\/\/rurallascolonias.com.ar\/index.php?rest_route=%2Fwp%2Fv2%2Fcomments&post=830"}],"version-history":[{"count":1,"href":"http:\/\/rurallascolonias.com.ar\/index.php?rest_route=\/wp\/v2\/posts\/830\/revisions"}],"predecessor-version":[{"id":832,"href":"http:\/\/rurallascolonias.com.ar\/index.php?rest_route=\/wp\/v2\/posts\/830\/revisions\/832"}],"wp:attachment":[{"href":"http:\/\/rurallascolonias.com.ar\/index.php?rest_route=%2Fwp%2Fv2%2Fmedia&parent=830"}],"wp:term":[{"taxonomy":"category","embeddable":true,"href":"http:\/\/rurallascolonias.com.ar\/index.php?rest_route=%2Fwp%2Fv2%2Fcategories&post=830"},{"taxonomy":"post_tag","embeddable":true,"href":"http:\/\/rurallascolonias.com.ar\/index.php?rest_route=%2Fwp%2Fv2%2Ftags&post=830"}],"curies":[{"name":"wp","href":"https:\/\/api.w.org\/{rel}","templated":true}]}}