{"id":8242,"date":"2015-09-23T16:00:07","date_gmt":"2015-09-23T16:00:07","guid":{"rendered":"http:\/\/rurallascolonias.com.ar\/?p=8242"},"modified":"2015-09-23T17:35:59","modified_gmt":"2015-09-23T17:35:59","slug":"productores-autoconvocados-protestan-en-el-monumento-a-la-bandera-en-rosario","status":"publish","type":"post","link":"http:\/\/rurallascolonias.com.ar\/?p=8242","title":{"rendered":"Productores autoconvocados protestan en el Monumento a la Bandera en Rosario"},"content":{"rendered":"<p><strong><em><a href=\"http:\/\/rurallascolonias.com.ar\/wp-content\/uploads\/2015\/09\/marcha-productores-camionetas-490.jpg\"><img loading=\"lazy\" class=\"aligncenter wp-image-8243 size-medium\" src=\"http:\/\/rurallascolonias.com.ar\/wp-content\/uploads\/2015\/09\/marcha-productores-camionetas-490-300x133.jpg\" alt=\"marcha-productores-camionetas-490\" width=\"300\" height=\"133\" srcset=\"http:\/\/rurallascolonias.com.ar\/wp-content\/uploads\/2015\/09\/marcha-productores-camionetas-490-300x133.jpg 300w, http:\/\/rurallascolonias.com.ar\/wp-content\/uploads\/2015\/09\/marcha-productores-camionetas-490-600x266.jpg 600w, http:\/\/rurallascolonias.com.ar\/wp-content\/uploads\/2015\/09\/marcha-productores-camionetas-490-624x277.jpg 624w, http:\/\/rurallascolonias.com.ar\/wp-content\/uploads\/2015\/09\/marcha-productores-camionetas-490.jpg 631w\" sizes=\"(max-width: 300px) 100vw, 300px\" \/><\/a>Anoche comenz\u00f3 el acampe en Alvear. Esta ma\u00f1ana, cientos de productores marcharon hacia el centro de la ciudad<\/em><\/strong><!--more--><\/p>\n<p>Con una concentraci\u00f3n a la vera de la autopista Rosario\/Buenos Aires, en Alvear, al sur del Gran Rosario, comenz\u00f3 anoche una nueva protesta de los productores autoconvocados del sur provincial, bajo la denominaci\u00f3n de \u00abChacareros de Pie\u00bb, que se prolonga hoy con una caravana de 100 tractores y alrededor de 200 camionetas que arribaron al Monumento Nacional a la Bandera.<\/p>\n<p>En ese sentido, el vocero Fernando Pr\u00edncipe asegur\u00f3 a Infocampo que no har\u00e1n ning\u00fan tipo de corte de rutas ni de calles en el centro de Rosario, sino que \u00fanicamente comunicar\u00e1n cu\u00e1l es la realidad del sector y \u00abcomunicarles a los pol\u00edticos que si algo no cambia desaparecemos todos\u201d.<\/p>\n<p>\u00abEl Monumento (a la Bandera) es un s\u00edmbolo de federalismo, de unidad, de pertenencia para nosotros que habitamos, dependemos y somos parte del interior de nuestro pa\u00eds, y cientos de tractores y camionetas marchando por la ciudad intentan mostrar la importancia que tiene el campo, sin enfrentarnos con los ciudadanos. Por el contrario, en uni\u00f3n con ellos, sabiendo que entre todos debemos ser capaces de construir otro pa\u00eds. Rosario es nuestro lugar, tenemos el hermoso recuerdo de 2008 grabado en nuestros corazones, pero sabemos bien que Dios atiende s\u00f3lo en la capital\u00bb, indic\u00f3.<\/p>\n<p>Frente al Monumento se concretar\u00e1 un acto, en el cual distintos referentes del ruralismo regional expondr\u00e1n la realidad del sector y propondr\u00e1n un \u201cgran tractorazo\u201d frente a la Casa Rosada.<\/p>\n<p>&nbsp;<\/p>\n<p>&nbsp;<\/p>\n","protected":false},"excerpt":{"rendered":"<p>Anoche comenz\u00f3 el acampe en Alvear. Esta ma\u00f1ana, cientos de productores marcharon hacia el centro de la ciudad<\/p>\n","protected":false},"author":5,"featured_media":0,"comment_status":"open","ping_status":"open","sticky":false,"template":"","format":"standard","meta":[],"categories":[14],"tags":[2320,2319,307],"_links":{"self":[{"href":"http:\/\/rurallascolonias.com.ar\/index.php?rest_route=\/wp\/v2\/posts\/8242"}],"collection":[{"href":"http:\/\/rurallascolonias.com.ar\/index.php?rest_route=\/wp\/v2\/posts"}],"about":[{"href":"http:\/\/rurallascolonias.com.ar\/index.php?rest_route=\/wp\/v2\/types\/post"}],"author":[{"embeddable":true,"href":"http:\/\/rurallascolonias.com.ar\/index.php?rest_route=\/wp\/v2\/users\/5"}],"replies":[{"embeddable":true,"href":"http:\/\/rurallascolonias.com.ar\/index.php?rest_route=%2Fwp%2Fv2%2Fcomments&post=8242"}],"version-history":[{"count":1,"href":"http:\/\/rurallascolonias.com.ar\/index.php?rest_route=\/wp\/v2\/posts\/8242\/revisions"}],"predecessor-version":[{"id":8244,"href":"http:\/\/rurallascolonias.com.ar\/index.php?rest_route=\/wp\/v2\/posts\/8242\/revisions\/8244"}],"wp:attachment":[{"href":"http:\/\/rurallascolonias.com.ar\/index.php?rest_route=%2Fwp%2Fv2%2Fmedia&parent=8242"}],"wp:term":[{"taxonomy":"category","embeddable":true,"href":"http:\/\/rurallascolonias.com.ar\/index.php?rest_route=%2Fwp%2Fv2%2Fcategories&post=8242"},{"taxonomy":"post_tag","embeddable":true,"href":"http:\/\/rurallascolonias.com.ar\/index.php?rest_route=%2Fwp%2Fv2%2Ftags&post=8242"}],"curies":[{"name":"wp","href":"https:\/\/api.w.org\/{rel}","templated":true}]}}