{"id":8239,"date":"2015-09-23T17:23:29","date_gmt":"2015-09-23T17:23:29","guid":{"rendered":"http:\/\/rurallascolonias.com.ar\/?p=8239"},"modified":"2015-09-23T17:23:29","modified_gmt":"2015-09-23T17:23:29","slug":"por-el-nino-santa-fe-decreta-el-estado-de-emergencia-hidrica-y-destina-fondos-para-obras","status":"publish","type":"post","link":"http:\/\/rurallascolonias.com.ar\/?p=8239","title":{"rendered":"Por \u00abEl Ni\u00f1o\u00bb, Santa Fe decreta el Estado de Emergencia h\u00eddrica y destina fondos para obras"},"content":{"rendered":"<p><em><strong><\/strong><\/em><\/p>\n<h2><a href=\"http:\/\/rurallascolonias.com.ar\/wp-content\/uploads\/2015\/09\/obras.jpg\"><img loading=\"lazy\" class=\"aligncenter size-full wp-image-8240\" src=\"http:\/\/rurallascolonias.com.ar\/wp-content\/uploads\/2015\/09\/obras.jpg\" alt=\"obras\" width=\"284\" height=\"177\" \/><\/a>Por decisi\u00f3n del gobernador Antonio Bonfatti, la provincia destinar\u00e1 28 millones de pesos para el cumplimiento de objetivos y tareas. Adem\u00e1s se crearon dos comit\u00e9s de cuenca<\/h2>\n<p><!--more--><\/p>\n<p>Por las intensas lluvias pronosticadas entre octubre y febrero pr\u00f3ximo a ra\u00edz del fen\u00f3meno meteorol\u00f3gico denominado \u201cEl Ni\u00f1o\u201d, y ante los excedentes h\u00eddricos que afectan a diferentes distritos de la provincia, el gobernador Antonio Bonfatti firm\u00f3 el decreto 3137 que establece de manera preventiva el \u201cEstado de Emergencia H\u00eddrica\u201d en el territorio santafesino.<\/p>\n<p>Adem\u00e1s, el mandatario suscribi\u00f3 los documentos que decretaron la conformaci\u00f3n del Comit\u00e9 de Cuencas Lagunas Las Encadenadas, y el Comit\u00e9 de Cuencas del R\u00edo Carcara\u00f1\u00e1, que \u201cayudar\u00e1n a resolver los problemas interjurisdiccionales\u201d.<\/p>\n<p>Los considerandos del decreto 3137 se\u00f1alan que \u201cen la actualidad los excedentes h\u00eddricos superficiales y la altura de las napas afectan \u00e1reas urbanas de distintas localidades de la provincia\u201d, adem\u00e1s de \u201clos elevados niveles fre\u00e1ticos, y una escasa red natural de drenajes\u201d.<\/p>\n<p>Por otra parte, se hace menci\u00f3n a que \u201clos pron\u00f3sticos elaborados por los servicios meteorol\u00f3gicos nacionales e internacionales prev\u00e9n la continuidad de las actuales condiciones clim\u00e1ticas, estimando los organismos t\u00e9cnicos que la situaci\u00f3n tender\u00eda a agravarse con la presencia del fen\u00f3meno Ni\u00f1o en la regi\u00f3n\u201d.<\/p>\n<p>Por todo eso, la \u201cpremisa consiste en trabajar en la prevenci\u00f3n y para distintos escenarios de crecidas y eventos pluviales, debiendo la acci\u00f3n de gobierno encontrarse preparada en forma inmediata\u201d. En este sentido, se defini\u00f3 una asignaci\u00f3n de fondos por 28 millones de pesos para \u201cel cumplimento de los objetivos\u201d, y las tareas necesarias.<\/p>\n<p><strong>Comit\u00e9s de cuenca<\/strong><\/p>\n<p>Por otra parte, y con el objetivo de coordinar acciones y planificar, la provincia decret\u00f3 la conformaci\u00f3n de dos comit\u00e9 de cuencas.<\/p>\n<p>El Comit\u00e9 de Cuencas Lagunas Las Encadenadas est\u00e1 integrado por los distritos de Carmen, Chapuy, Maggiolo, Mar\u00eda Teresa, Murphy, San Eduardo, San Francisco de Santa Fe, Santa Isabel, Teodelina, Venado Tuerto, y Villa Ca\u00f1\u00e1s, cuyos l\u00edmites fueron fijados por la Subsecretaria de Desarrollo H\u00eddrico.<\/p>\n<p>En tanto, el Comit\u00e9 de Cuencas del R\u00edo Carcara\u00f1\u00e1 qued\u00f3 conformado por las localidades de: Armstrong, Bouquet, Montes de Oca, Tortugas, Arequito, Arteaga, Berabev\u00fa, Casilda, Cha\u00f1ar Ladeado, Godeken, Los Molino, Los Quirquinchos, San Jos\u00e9 de la Esquina, Caferatta, Ca\u00f1ada de Ucle, La Chispa, Murphy, Venado Tuerto, Bustinza, Ca\u00f1ada de G\u00f3mez, Correa, Lucio V. L\u00f3pez, Oliveros, Pueblo Andino, Salto Grande, Villa Eloisa, Gaboto, Aldao, Carcara\u00f1\u00e1, Luis Palacios, Timb\u00faes, Castelar, Crispi, Landeta, Las Petacas, Mar\u00eda Susana, y Piamonte.<\/p>\n<p>Cabe recordar que los comit\u00e9s de cuenca son organismos integrados por gobierno provincial, municipios y representantes de productores agropecuarios. Entre los objetivos est\u00e1n los de acordar y estudiar el manejo de los recursos h\u00eddricos de la cuenca y definir prioridades as\u00ed como gestionar las obras complementarias y necesarias para aliviar ese curso de agua. Adem\u00e1s, coordina los trabajos de mantenimiento y conservaci\u00f3n de los distintos canales h\u00eddricos de la zona para evitar o minimizar los riesgos de inundaci\u00f3n.<\/p>\n<p><strong>Fuente: Nuestro Agro<\/strong><\/p>\n","protected":false},"excerpt":{"rendered":"<p>Por decisi\u00f3n del gobernador Antonio Bonfatti, la provincia destinar\u00e1 28 millones de pesos para el cumplimiento de objetivos y tareas. Adem\u00e1s se crearon dos comit\u00e9s de cuenca<\/p>\n","protected":false},"author":5,"featured_media":0,"comment_status":"open","ping_status":"open","sticky":false,"template":"","format":"standard","meta":[],"categories":[1],"tags":[618,845,2318,2215,119],"_links":{"self":[{"href":"http:\/\/rurallascolonias.com.ar\/index.php?rest_route=\/wp\/v2\/posts\/8239"}],"collection":[{"href":"http:\/\/rurallascolonias.com.ar\/index.php?rest_route=\/wp\/v2\/posts"}],"about":[{"href":"http:\/\/rurallascolonias.com.ar\/index.php?rest_route=\/wp\/v2\/types\/post"}],"author":[{"embeddable":true,"href":"http:\/\/rurallascolonias.com.ar\/index.php?rest_route=\/wp\/v2\/users\/5"}],"replies":[{"embeddable":true,"href":"http:\/\/rurallascolonias.com.ar\/index.php?rest_route=%2Fwp%2Fv2%2Fcomments&post=8239"}],"version-history":[{"count":1,"href":"http:\/\/rurallascolonias.com.ar\/index.php?rest_route=\/wp\/v2\/posts\/8239\/revisions"}],"predecessor-version":[{"id":8241,"href":"http:\/\/rurallascolonias.com.ar\/index.php?rest_route=\/wp\/v2\/posts\/8239\/revisions\/8241"}],"wp:attachment":[{"href":"http:\/\/rurallascolonias.com.ar\/index.php?rest_route=%2Fwp%2Fv2%2Fmedia&parent=8239"}],"wp:term":[{"taxonomy":"category","embeddable":true,"href":"http:\/\/rurallascolonias.com.ar\/index.php?rest_route=%2Fwp%2Fv2%2Fcategories&post=8239"},{"taxonomy":"post_tag","embeddable":true,"href":"http:\/\/rurallascolonias.com.ar\/index.php?rest_route=%2Fwp%2Fv2%2Ftags&post=8239"}],"curies":[{"name":"wp","href":"https:\/\/api.w.org\/{rel}","templated":true}]}}