{"id":8218,"date":"2015-09-21T17:09:42","date_gmt":"2015-09-21T17:09:42","guid":{"rendered":"http:\/\/rurallascolonias.com.ar\/?p=8218"},"modified":"2015-09-21T17:09:42","modified_gmt":"2015-09-21T17:09:42","slug":"hoy-convocatoria-a-asamblea-anual-ordinaria-de-la-sociedad-rural-de-las-colonias","status":"publish","type":"post","link":"http:\/\/rurallascolonias.com.ar\/?p=8218","title":{"rendered":"HOY: Convocatoria a Asamblea Anual Ordinaria DE LA SOCIEDAD RURAL DE LAS COLONIAS"},"content":{"rendered":"<p><a href=\"http:\/\/rurallascolonias.com.ar\/wp-content\/uploads\/2014\/10\/logo-sociedad-rural-de-las-colonias.png\"><img loading=\"lazy\" class=\"alignleft size-full wp-image-4468\" src=\"http:\/\/rurallascolonias.com.ar\/wp-content\/uploads\/2014\/10\/logo-sociedad-rural-de-las-colonias.png\" alt=\"logo sociedad rural de las colonias\" width=\"240\" height=\"180\" \/><\/a>Conforme al art\u00edculo 29 de las normas estatutarias, se cita a Asamblea General Ordinaria a los socios de la Sociedad Rural de Las Colonias, a celebrarse hoy lunes 21 de septiembre de 2015 a las 20:00 horas, en la sede social de 25 de Mayo 1676<!--more--><span id=\"more-8182\"><\/span><span id=\"more-8095\"><\/span><\/p>\n<p>, para la consideraci\u00f3n del siguiente: ORDEN DEL DIA 1. Lectura del acta anterior. 2. Designaci\u00f3n de dos socios para refrendar el acta de asamblea. 3. Consideraci\u00f3n de la Memoria y Balance cerrados al 30 de junio de 2015, e informe de los revisores de cuenta. 4. Designaci\u00f3n de la mesa escrutadora. 5. Elecci\u00f3n de siete miembros titulares para la renovaci\u00f3n de las autoridades de la Comisi\u00f3n Directiva en los cargos de Vicepresidente, Prosecretario, Protesorero y cuatro vocales. 6. Elecci\u00f3n de tres Revisores de Cuentas titulares y tres suplentes. 7. Elecci\u00f3n del S\u00edndico. Nota: En caso que a la hora de la convocatoria no existiera el n\u00famero de asistentes necesarios conforme a los estatutos, la Asamblea se constituir\u00e1 una hora despu\u00e9s con los que estuviesen presentes. La Memoria y Balance quedar\u00e1n a disposici\u00f3n de los socios en la sede desde 5 d\u00edas anteriores a la fecha de Asamblea, de donde podr\u00e1 ser retirada.<\/p>\n<p>&nbsp;<\/p>\n<p>Ing. Jos\u00e9 Luis Alonso- Presidente<\/p>\n<p>Prof. Marcelo D\u00e1ndolo -Secretario<\/p>\n","protected":false},"excerpt":{"rendered":"<p>Conforme al art\u00edculo 29 de las normas estatutarias, se cita a Asamblea General Ordinaria a los socios de la Sociedad Rural de Las Colonias, a celebrarse hoy lunes 21 de septiembre de 2015 a las 20:00 horas, en la sede social de 25 de Mayo 1676<\/p>\n","protected":false},"author":5,"featured_media":0,"comment_status":"open","ping_status":"open","sticky":false,"template":"","format":"standard","meta":[],"categories":[29],"tags":[1154,187],"_links":{"self":[{"href":"http:\/\/rurallascolonias.com.ar\/index.php?rest_route=\/wp\/v2\/posts\/8218"}],"collection":[{"href":"http:\/\/rurallascolonias.com.ar\/index.php?rest_route=\/wp\/v2\/posts"}],"about":[{"href":"http:\/\/rurallascolonias.com.ar\/index.php?rest_route=\/wp\/v2\/types\/post"}],"author":[{"embeddable":true,"href":"http:\/\/rurallascolonias.com.ar\/index.php?rest_route=\/wp\/v2\/users\/5"}],"replies":[{"embeddable":true,"href":"http:\/\/rurallascolonias.com.ar\/index.php?rest_route=%2Fwp%2Fv2%2Fcomments&post=8218"}],"version-history":[{"count":1,"href":"http:\/\/rurallascolonias.com.ar\/index.php?rest_route=\/wp\/v2\/posts\/8218\/revisions"}],"predecessor-version":[{"id":8219,"href":"http:\/\/rurallascolonias.com.ar\/index.php?rest_route=\/wp\/v2\/posts\/8218\/revisions\/8219"}],"wp:attachment":[{"href":"http:\/\/rurallascolonias.com.ar\/index.php?rest_route=%2Fwp%2Fv2%2Fmedia&parent=8218"}],"wp:term":[{"taxonomy":"category","embeddable":true,"href":"http:\/\/rurallascolonias.com.ar\/index.php?rest_route=%2Fwp%2Fv2%2Fcategories&post=8218"},{"taxonomy":"post_tag","embeddable":true,"href":"http:\/\/rurallascolonias.com.ar\/index.php?rest_route=%2Fwp%2Fv2%2Ftags&post=8218"}],"curies":[{"name":"wp","href":"https:\/\/api.w.org\/{rel}","templated":true}]}}