{"id":8205,"date":"2015-09-21T01:30:42","date_gmt":"2015-09-21T01:30:42","guid":{"rendered":"http:\/\/rurallascolonias.com.ar\/?p=8205"},"modified":"2015-09-21T01:30:42","modified_gmt":"2015-09-21T01:30:42","slug":"preocupa-la-situacion-del-sector","status":"publish","type":"post","link":"http:\/\/rurallascolonias.com.ar\/?p=8205","title":{"rendered":"PREOCUPA LA SITUACI\u00d3N DEL SECTOR"},"content":{"rendered":"<p><strong><em><a href=\"http:\/\/rurallascolonias.com.ar\/wp-content\/uploads\/2015\/09\/reuni\u00f3n-de-lecher\u00eda-2.jpg\"><img loading=\"lazy\" class=\"aligncenter wp-image-8206 size-medium\" src=\"http:\/\/rurallascolonias.com.ar\/wp-content\/uploads\/2015\/09\/reuni\u00f3n-de-lecher\u00eda-2-300x200.jpg\" alt=\"reuni\u00f3n de lecher\u00eda 2\" width=\"300\" height=\"200\" srcset=\"http:\/\/rurallascolonias.com.ar\/wp-content\/uploads\/2015\/09\/reuni\u00f3n-de-lecher\u00eda-2-300x200.jpg 300w, http:\/\/rurallascolonias.com.ar\/wp-content\/uploads\/2015\/09\/reuni\u00f3n-de-lecher\u00eda-2-600x400.jpg 600w, http:\/\/rurallascolonias.com.ar\/wp-content\/uploads\/2015\/09\/reuni\u00f3n-de-lecher\u00eda-2-624x416.jpg 624w, http:\/\/rurallascolonias.com.ar\/wp-content\/uploads\/2015\/09\/reuni\u00f3n-de-lecher\u00eda-2.jpg 640w\" sizes=\"(max-width: 300px) 100vw, 300px\" \/><\/a>En una reuni\u00f3n llevada a cabo el pasado \u00a0viernes en la Sede de la Sociedad Rural de Las Colonias, productores tamberos analizaron la situaci\u00f3n, situaci\u00f3n que definieron como \u00abterminal\u00bb. Adem\u00e1s, el objetivo de dicho encuentro fue\u00a0el de\u00a0definir acciones conjuntas a seguir<\/em><\/strong><!--more--><\/p>\n<p>El presidente de la Sociedad Rural de Las Colonias, Ing. Jos\u00e9 Luis Alonso, inform\u00f3 que el encuentro fue \u201cpara tratar un tema que es fuerte para la zona como lo es la ca\u00edda de los precios de la producci\u00f3n lechera y el anuncio de muchas industrias de no retirar leche\u201d.<\/p>\n<p>Cabe recordar que el problema se da debido a la ca\u00edda de los precios de la producci\u00f3n de leche sumado al anuncio de varias industrias de no retirarla.<\/p>\n<p>\u201cEs un momento de definiciones para la vida futura de la lecher\u00eda nacional\u201d, afirmaron. Prev\u00e9n la conformaci\u00f3n de una Mesa que incluir\u00e1 a representantes de entidad y de los gobiernos nacional y provincial.<\/p>\n<p>Explicit\u00f3 que esto se da \u201cen un contexto nacional en el que somos m\u00e1s de 10 mil productores lecheros que estamos muy atomizados, que en general no estamos asociados para vender, a unas 20 industrias que est\u00e1n asociadas al Centro de Industria Lechera y a unas 800 Pymes m\u00e1s que est\u00e1n consumiendo el total de la leche del pa\u00eds, en un mercado de competencia imperfecta\u201d.<\/p>\n<p>En este contexto se toman las decisiones de no retirar la leche y de baja importante de los precios. Estamos en desacuerdo con el tratamiento de la industria nacional respecto de la producci\u00f3n; creemos que no es justo lo que se nos est\u00e1 pagando, que el mix de leche, importaci\u00f3n y mercado interno da para pagar mucho m\u00e1s, cuando se puede pagar alrededor de 2,80 pesos\u201d. En este sentido,\u00a0\u00a0\u00abSancor, que est\u00e1 demostrando que a nivel nacional se puede pagar mucho m\u00e1s y el resto deber\u00eda tomar ejemplo ya que est\u00e1n anunciando pagas de 2,20 pesos para septiembre\u201d, mencion\u00f3.<\/p>\n<p>\u201cEsto va a provocar una situaci\u00f3n terminal en la producci\u00f3n tambera. Muchos productores se encuentran hoy en esa situaci\u00f3n lo que tendr\u00e1 un grave impacto en todo el Departamento Las Colonias, Castellanos y alrededores\u201d, vaticin\u00f3.<\/p>\n<p>Con respecto a la cadena de pagos, est\u00e1n siendo cortados; \u00abhabr\u00e1 despidos y tambos que se van a cerrar y no queremos eso; queremos una producci\u00f3n en crecimiento, sana y con transparencia del mercado\u201d, concluy\u00f3.<\/p>\n<p>En los pr\u00f3ximos d\u00edas se espera una respuesta del Gobierno al documento que emiti\u00f3 la semana pasada el Ministerio de la Producci\u00f3n de la Provincia.<\/p>\n<p>&nbsp;<\/p>\n<p>&nbsp;<\/p>\n<p>&nbsp;<\/p>\n","protected":false},"excerpt":{"rendered":"<p>En una reuni\u00f3n llevada a cabo el pasado \u00a0viernes en la Sede de la Sociedad Rural de Las Colonias, productores tamberos analizaron la situaci\u00f3n, situaci\u00f3n que definieron como \u00abterminal\u00bb. Adem\u00e1s, el objetivo de dicho encuentro fue\u00a0el de\u00a0definir acciones conjuntas a seguir<\/p>\n","protected":false},"author":5,"featured_media":0,"comment_status":"open","ping_status":"open","sticky":false,"template":"","format":"standard","meta":[],"categories":[2306],"tags":[2313],"_links":{"self":[{"href":"http:\/\/rurallascolonias.com.ar\/index.php?rest_route=\/wp\/v2\/posts\/8205"}],"collection":[{"href":"http:\/\/rurallascolonias.com.ar\/index.php?rest_route=\/wp\/v2\/posts"}],"about":[{"href":"http:\/\/rurallascolonias.com.ar\/index.php?rest_route=\/wp\/v2\/types\/post"}],"author":[{"embeddable":true,"href":"http:\/\/rurallascolonias.com.ar\/index.php?rest_route=\/wp\/v2\/users\/5"}],"replies":[{"embeddable":true,"href":"http:\/\/rurallascolonias.com.ar\/index.php?rest_route=%2Fwp%2Fv2%2Fcomments&post=8205"}],"version-history":[{"count":1,"href":"http:\/\/rurallascolonias.com.ar\/index.php?rest_route=\/wp\/v2\/posts\/8205\/revisions"}],"predecessor-version":[{"id":8207,"href":"http:\/\/rurallascolonias.com.ar\/index.php?rest_route=\/wp\/v2\/posts\/8205\/revisions\/8207"}],"wp:attachment":[{"href":"http:\/\/rurallascolonias.com.ar\/index.php?rest_route=%2Fwp%2Fv2%2Fmedia&parent=8205"}],"wp:term":[{"taxonomy":"category","embeddable":true,"href":"http:\/\/rurallascolonias.com.ar\/index.php?rest_route=%2Fwp%2Fv2%2Fcategories&post=8205"},{"taxonomy":"post_tag","embeddable":true,"href":"http:\/\/rurallascolonias.com.ar\/index.php?rest_route=%2Fwp%2Fv2%2Ftags&post=8205"}],"curies":[{"name":"wp","href":"https:\/\/api.w.org\/{rel}","templated":true}]}}