{"id":8203,"date":"2015-09-21T00:38:56","date_gmt":"2015-09-21T00:38:56","guid":{"rendered":"http:\/\/rurallascolonias.com.ar\/?p=8203"},"modified":"2015-09-21T00:38:56","modified_gmt":"2015-09-21T00:38:56","slug":"esperan-mayor-impacto-de-el-nino-en-el-proximo-trimestre","status":"publish","type":"post","link":"http:\/\/rurallascolonias.com.ar\/?p=8203","title":{"rendered":"Esperan mayor impacto de El Ni\u00f1o en el pr\u00f3ximo trimestre"},"content":{"rendered":"<p><em><strong><a href=\"http:\/\/rurallascolonias.com.ar\/wp-content\/uploads\/2015\/09\/El-Ni\u00f1o.jpg\"><img loading=\"lazy\" class=\"aligncenter wp-image-7991 size-medium\" src=\"http:\/\/rurallascolonias.com.ar\/wp-content\/uploads\/2015\/09\/El-Ni\u00f1o-300x155.jpg\" alt=\"El Ni\u00f1o\" width=\"300\" height=\"155\" srcset=\"http:\/\/rurallascolonias.com.ar\/wp-content\/uploads\/2015\/09\/El-Ni\u00f1o-300x155.jpg 300w, http:\/\/rurallascolonias.com.ar\/wp-content\/uploads\/2015\/09\/El-Ni\u00f1o-600x310.jpg 600w, http:\/\/rurallascolonias.com.ar\/wp-content\/uploads\/2015\/09\/El-Ni\u00f1o-624x323.jpg 624w, http:\/\/rurallascolonias.com.ar\/wp-content\/uploads\/2015\/09\/El-Ni\u00f1o.jpg 648w\" sizes=\"(max-width: 300px) 100vw, 300px\" \/><\/a>Seg\u00fan investigadores de la FICH, existe la probabilidad de que llueva un 25% m\u00e1s de lo normal en el nordeste (Formosa, Chaco, Corrientes, y Misiones, tercio norte de Entre R\u00edos y de Santa Fe), durante octubre, noviembre y diciembre. Se espera inestabilidad y altas temperaturas para la pr\u00f3xima semana en Santa Fe<\/strong><\/em><!--more--><\/p>\n<p>Investigadores de la Facultad de Ingenier\u00eda y Ciencias H\u00eddricas (FICH) de la Universidad Nacional del Litoral (UNL) se\u00f1alan que el Fen\u00f3meno El Ni\u00f1o, que comenz\u00f3 a manifestarse en el pa\u00eds en julio de este a\u00f1o, provocar\u00eda lluvias por encima de lo normal durante el pr\u00f3ximo trimestre de octubre, noviembre y diciembre. De acuerdo con un reporte del Centro Regional Clim\u00e1tico para el Sudeste de Sudam\u00e9rica, existe la probabilidad de que se produzcan lluvias acumuladas en dicho trimestre en un rango aproximado de entre 400 y 600 mil\u00edmetros en la regi\u00f3n nordeste del pa\u00eds.<\/p>\n<p>\u201cEstas previsiones se realizan en base a diferentes modelos que permiten obtener distintas estimaciones. La combinaci\u00f3n de los mismos prev\u00e9 que durante noviembre, diciembre y enero, El Ni\u00f1o alcanzar\u00e1 su mayor magnitud. Es decir, el calentamiento de la superficie del mar en el Pac\u00edfico generar\u00e1 condiciones propicias para que se produzcan precipitaciones por encima de lo normal\u201d, explic\u00f3 Jos\u00e9 Luis Macor, director de los centros de Informaciones Meteorol\u00f3gicas y de Estudios de Variabilidad y Cambio Clim\u00e1tico (CEVARCAM) de la FICH, donde se realiza el seguimiento de este tipo de fen\u00f3menos con rigor cient\u00edfico.<\/p>\n<p>El \u00e1rea geogr\u00e1fica de implicancia de El Ni\u00f1o en nuestro pa\u00eds es muy amplia. Por lo tanto, argument\u00f3 el investigador, \u201cla distribuci\u00f3n de las lluvias es un dato dif\u00edcil de prever con mucha antelaci\u00f3n. El hecho de que exista una alta probabilidad de que el nordeste del pa\u00eds sea la zona m\u00e1s afectada no significa que las lluvias se producir\u00e1n de forma generalizada en toda esa regi\u00f3n, pudiendo ser m\u00e1s localizadas. Por ejemplo, El Ni\u00f1o de 1983 no se caracteriz\u00f3 por grandes lluvias ca\u00eddas en nuestra regi\u00f3n, sino por precipitaciones que ocurrieron en Brasil y provocaron inundaciones por la crecida del r\u00edo Paran\u00e1\u201d.<\/p>\n<p><strong>El Ni\u00f1o<\/strong><\/p>\n<p>El Fen\u00f3meno El Ni\u00f1o implica cambios en la temperatura superficial del oc\u00e9ano Pac\u00edfico ecuatorial, en su parte central y oriental. El Ni\u00f1o y La Ni\u00f1a son las fases extremas de este fen\u00f3meno. Un calentamiento del oc\u00e9ano Pac\u00edfico ecuatorial de entre 1 y 3 grados cent\u00edgrados se conoce como una fase \u201cEl Ni\u00f1o\u201d, que puede producir lluvias por encima de lo normal en la Cuenca del Plata; mientras que \u201cLa Ni\u00f1a\u201d corresponde a una fase fr\u00eda que puede provocar sequ\u00edas en la regi\u00f3n. \u201cNo obstante, durante eventos El Ni\u00f1o, a la inversa de lo que ocurre en nuestro pa\u00eds, se producen sequ\u00edas en otras regiones, como por ejemplo Colombia o Venezuela\u201d, aclar\u00f3 Macor.<\/p>\n<p>La duraci\u00f3n de El Ni\u00f1o es variable, as\u00ed como la frecuencia con la que ocurre este fen\u00f3meno. \u201cLas aguas superficiales del oc\u00e9ano Pac\u00edfico oriental ecuatorial se calientan o enfr\u00edan en per\u00edodos de tres a siete a\u00f1os. Estudios en la materia coinciden en se\u00f1alar que primavera y verano son las estaciones donde m\u00e1s se siente el fen\u00f3meno en la Cuenca del Plata, es decir, el per\u00edodo que registra lluvias por encima de los niveles normales\u201d, apunt\u00f3 Miguel Lovino, investigador del CEVARCAM.<\/p>\n<p>Acerca de la magnitud del impacto que tendr\u00e1 El Ni\u00f1o en la regi\u00f3n, Lovino aclar\u00f3 que si bien se pronostica un Ni\u00f1o fuerte, existen atenuantes que podr\u00edan suavizar sus efectos. \u201cSi bien el Pac\u00edfico es el m\u00e1s importante, no es el \u00fanico oc\u00e9ano que tiene implicancias en el clima de la regi\u00f3n. El Atl\u00e1ntico tambi\u00e9n influye. Actualmente, la temperatura de su superficie est\u00e1 en una fase c\u00e1lida y esto podr\u00eda atenuar levemente la influencia de El Ni\u00f1o. Por el contrario, en el transcurso de la crecida extraordinaria del Paran\u00e1 en 1983, el Atl\u00e1ntico estaba en una fase fr\u00eda, lo que combinado con una fase c\u00e1lida del Pac\u00edfico aument\u00f3 el impacto de El Ni\u00f1o en la regi\u00f3n\u201d, subray\u00f3 el investigador.<\/p>\n<p>Fuente: UNO Santa Fe.<\/p>\n","protected":false},"excerpt":{"rendered":"<p>Seg\u00fan investigadores de la FICH, existe la probabilidad de que llueva un 25% m\u00e1s de lo normal en el nordeste (Formosa, Chaco, Corrientes, y Misiones, tercio norte de Entre R\u00edos y de Santa Fe), durante octubre, noviembre y diciembre. Se espera inestabilidad y altas temperaturas para la pr\u00f3xima semana en Santa Fe<\/p>\n","protected":false},"author":5,"featured_media":0,"comment_status":"open","ping_status":"open","sticky":false,"template":"","format":"standard","meta":[],"categories":[40],"tags":[618,365],"_links":{"self":[{"href":"http:\/\/rurallascolonias.com.ar\/index.php?rest_route=\/wp\/v2\/posts\/8203"}],"collection":[{"href":"http:\/\/rurallascolonias.com.ar\/index.php?rest_route=\/wp\/v2\/posts"}],"about":[{"href":"http:\/\/rurallascolonias.com.ar\/index.php?rest_route=\/wp\/v2\/types\/post"}],"author":[{"embeddable":true,"href":"http:\/\/rurallascolonias.com.ar\/index.php?rest_route=\/wp\/v2\/users\/5"}],"replies":[{"embeddable":true,"href":"http:\/\/rurallascolonias.com.ar\/index.php?rest_route=%2Fwp%2Fv2%2Fcomments&post=8203"}],"version-history":[{"count":1,"href":"http:\/\/rurallascolonias.com.ar\/index.php?rest_route=\/wp\/v2\/posts\/8203\/revisions"}],"predecessor-version":[{"id":8204,"href":"http:\/\/rurallascolonias.com.ar\/index.php?rest_route=\/wp\/v2\/posts\/8203\/revisions\/8204"}],"wp:attachment":[{"href":"http:\/\/rurallascolonias.com.ar\/index.php?rest_route=%2Fwp%2Fv2%2Fmedia&parent=8203"}],"wp:term":[{"taxonomy":"category","embeddable":true,"href":"http:\/\/rurallascolonias.com.ar\/index.php?rest_route=%2Fwp%2Fv2%2Fcategories&post=8203"},{"taxonomy":"post_tag","embeddable":true,"href":"http:\/\/rurallascolonias.com.ar\/index.php?rest_route=%2Fwp%2Fv2%2Ftags&post=8203"}],"curies":[{"name":"wp","href":"https:\/\/api.w.org\/{rel}","templated":true}]}}