{"id":817,"date":"2014-01-07T17:03:36","date_gmt":"2014-01-07T17:03:36","guid":{"rendered":"http:\/\/rurallascolonias.com.ar\/?p=817"},"modified":"2014-01-07T17:03:36","modified_gmt":"2014-01-07T17:03:36","slug":"medio-siglo-de-servicio-para-cuatro-agencias-de-extension-rural-del-centro-regional-santa-fe","status":"publish","type":"post","link":"http:\/\/rurallascolonias.com.ar\/?p=817","title":{"rendered":"MEDIO SIGLO DE SERVICIO PARA CUATRO AGENCIAS DE EXTENSI\u00d3N RURAL DEL CENTRO REGIONAL SANTA FE"},"content":{"rendered":"<h2><a href=\"http:\/\/rurallascolonias.com.ar\/wp-content\/uploads\/2014\/01\/agencia-extensi\u00f3n-rural.jpg\"><img loading=\"lazy\" class=\"aligncenter  wp-image-818\" alt=\"agencia extensi\u00f3n rural\" src=\"http:\/\/rurallascolonias.com.ar\/wp-content\/uploads\/2014\/01\/agencia-extensi\u00f3n-rural.jpg\" width=\"365\" height=\"247\" srcset=\"http:\/\/rurallascolonias.com.ar\/wp-content\/uploads\/2014\/01\/agencia-extensi\u00f3n-rural.jpg 608w, http:\/\/rurallascolonias.com.ar\/wp-content\/uploads\/2014\/01\/agencia-extensi\u00f3n-rural-300x202.jpg 300w, http:\/\/rurallascolonias.com.ar\/wp-content\/uploads\/2014\/01\/agencia-extensi\u00f3n-rural-600x405.jpg 600w\" sizes=\"(max-width: 365px) 100vw, 365px\" \/><\/a>Tostado, Rold\u00e1n, San Crist\u00f3bal y Esperanza conmemoraron durante 2013 su cincuenta aniversario. En el INTA Rafaela, se realiz\u00f3 un acto de homenaje y reconocimiento al trabajo realizado por sus integrantes.<!--more--><\/h2>\n<div>\n<p>En 2013, el Centro Regional Santa Fe, celebr\u00f3 con cuatro de sus agencias de extensi\u00f3n rural los primeros cincuenta a\u00f1os de vida.\u00a0 Las celebraciones se realizaron en Tostado, Rold\u00e1n, San Crist\u00f3bal y Esperanza. En cada uno de los casos, el Consejo y la Direcci\u00f3n Regional, hicieron llegar una placa de reconocimiento que fue entregada a los directores y jefes de Agencia.\u00a0 De los festejos no s\u00f3lo participaron integrantes de los actuales equipos de trabajo, sino tambi\u00e9n personal que perteneci\u00f3 a INTA, y otras instituciones con las cuales se realiza un trabajo conjunto y mancomunado en el territorio.<\/p>\n<p><b>\u201cUn reconocimiento a la historia de INTA\u201d<\/b><\/p>\n<p>Sobre las celebraciones, Spont\u00f3n explic\u00f3 que \u201ccada festejo no fue s\u00f3lo un reconocimiento al trabajo del personal de INTA, sino tambi\u00e9n a la historia de la instituci\u00f3n en el territorio. Saber que desde hace 50 a\u00f1os trabajamos en cada uno de estos lugares, nos permite hablar de un recorrido en cual fuimos desandando el camino de la ruralidad de la provincia y de la Argentina\u201d<\/p>\n<p>Asimismo, el director del Centro Regional Santa Fe, sostuvo en referencia a la participaci\u00f3n de otras instituciones en los actos: \u201cobservar que otras organizaciones se sienten parte de este recorrido hecho por las AERs es realmente reconfortante. Poder mirar a los actores locales celebrando este aniversario como propio, muestra la construcci\u00f3n interinstitucional que se sostuvo en el tiempo como pol\u00edtica de INTA. Es ese intercambio el que da sustento a las propuestas presentadas y el que le seguir\u00e1 dando desde ahora a los Proyectos Regionales con Enfoque Territorial\u201d.<\/p>\n<\/div>\n<p><strong>Fuente: Prensa INTA<\/strong><\/p>\n<div><\/div>\n","protected":false},"excerpt":{"rendered":"<p>Tostado, Rold\u00e1n, San Crist\u00f3bal y Esperanza conmemoraron durante 2013 su cincuenta aniversario. En el INTA Rafaela, se realiz\u00f3 un acto de homenaje y reconocimiento al trabajo realizado por sus integrantes.<\/p>\n","protected":false},"author":5,"featured_media":0,"comment_status":"closed","ping_status":"closed","sticky":false,"template":"","format":"standard","meta":[],"categories":[42],"tags":[330,334,332,333,119,329,331],"_links":{"self":[{"href":"http:\/\/rurallascolonias.com.ar\/index.php?rest_route=\/wp\/v2\/posts\/817"}],"collection":[{"href":"http:\/\/rurallascolonias.com.ar\/index.php?rest_route=\/wp\/v2\/posts"}],"about":[{"href":"http:\/\/rurallascolonias.com.ar\/index.php?rest_route=\/wp\/v2\/types\/post"}],"author":[{"embeddable":true,"href":"http:\/\/rurallascolonias.com.ar\/index.php?rest_route=\/wp\/v2\/users\/5"}],"replies":[{"embeddable":true,"href":"http:\/\/rurallascolonias.com.ar\/index.php?rest_route=%2Fwp%2Fv2%2Fcomments&post=817"}],"version-history":[{"count":1,"href":"http:\/\/rurallascolonias.com.ar\/index.php?rest_route=\/wp\/v2\/posts\/817\/revisions"}],"predecessor-version":[{"id":819,"href":"http:\/\/rurallascolonias.com.ar\/index.php?rest_route=\/wp\/v2\/posts\/817\/revisions\/819"}],"wp:attachment":[{"href":"http:\/\/rurallascolonias.com.ar\/index.php?rest_route=%2Fwp%2Fv2%2Fmedia&parent=817"}],"wp:term":[{"taxonomy":"category","embeddable":true,"href":"http:\/\/rurallascolonias.com.ar\/index.php?rest_route=%2Fwp%2Fv2%2Fcategories&post=817"},{"taxonomy":"post_tag","embeddable":true,"href":"http:\/\/rurallascolonias.com.ar\/index.php?rest_route=%2Fwp%2Fv2%2Ftags&post=817"}],"curies":[{"name":"wp","href":"https:\/\/api.w.org\/{rel}","templated":true}]}}