{"id":8123,"date":"2015-09-15T16:39:18","date_gmt":"2015-09-15T16:39:18","guid":{"rendered":"http:\/\/rurallascolonias.com.ar\/?p=8123"},"modified":"2015-09-15T16:39:18","modified_gmt":"2015-09-15T16:39:18","slug":"el-campo-tiene-menos-poder-de-compra-hoy-que-en-los-anos-90","status":"publish","type":"post","link":"http:\/\/rurallascolonias.com.ar\/?p=8123","title":{"rendered":"El campo tiene menos poder de compra hoy que en los a\u00f1os \u201890"},"content":{"rendered":"<p><strong><em><a href=\"http:\/\/rurallascolonias.com.ar\/wp-content\/uploads\/2015\/09\/campo.jpg\"><img loading=\"lazy\" class=\"aligncenter size-full wp-image-8124\" src=\"http:\/\/rurallascolonias.com.ar\/wp-content\/uploads\/2015\/09\/campo.jpg\" alt=\"campo\" width=\"337\" height=\"149\" srcset=\"http:\/\/rurallascolonias.com.ar\/wp-content\/uploads\/2015\/09\/campo.jpg 337w, http:\/\/rurallascolonias.com.ar\/wp-content\/uploads\/2015\/09\/campo-300x133.jpg 300w\" sizes=\"(max-width: 337px) 100vw, 337px\" \/><\/a>La capacidad de compra de la soja es 27% menor que en los \u201890 y 51% m\u00e1s baja que en 2007\/10<\/em><\/strong><br \/>\n<!--more--><\/p>\n<p>El derrumbe de los precios internacionales de las materias primas, la inflaci\u00f3n, el d\u00f3lar \u00abplanchado\u00bb y las retenciones conforman un coctel que ha derivado en que el poder adquisitivo de una tonelada de soja, trigo o ma\u00edz sea en la actualidad menor a los de inicios de los 90 y se ubiquen en niveles muy cercanos a los a\u00f1os previos a la salida de la convertibilidad.<\/p>\n<p>As\u00ed lo se\u00f1ala un trabajo de la consultora Invecq, que analiz\u00f3 el comportamiento de los precios internacionales de los tres cultivos m\u00e1s importantes de la Argentina de los \u00faltimos 25 a\u00f1os, y los cruz\u00f3 con la cotizaci\u00f3n oficial del d\u00f3lar al que se liquidan las exportaciones; as retenciones de cada uno de los granos y la inflaci\u00f3n en pesos, (1992 como a\u00f1o base 1).<\/p>\n<p>Del trabajo surge que el poder de compra del campo viene cayendo de manera casi ininterrumpida desde 2011, fen\u00f3meno que se profundiz\u00f3 en los \u00faltimos meses, en sinton\u00eda con el derrumbe de los precios internacionales de las materias primas.<\/p>\n<p>Es m\u00e1s, el trigo es el caso m\u00e1s castigado y de los tres principales cultivos es el que muestra un mal desempe\u00f1o desde hace m\u00e1s tiempo: se ubica por debajo del 1 desde 2009. En agosto, el \u00edndice de capacidad adquisitiva del cereal marc\u00f3 0,45, lo que implica que un productor tiene 55% menos de poder de compra de bienes por tonelada de trigo exportada que en enero de 1992. Hoy una tonelada de trigo compra 35% menos que lo que compraba contra los promedios 1999\/2001 y 61% menos que contra el promedio 2002\/2011.<\/p>\n<p>El ma\u00edz y la soja, en tanto, marcaron en agosto \u00edndices de 0,66 y 0,61 respectivamente, y se ubican debajo del a\u00f1o base desde julio\/agosto de 2014. En t\u00e9rminos de capacidad de compra de bienes por tonelada exportada, en ma\u00edz se encuentra 18% por debajo del promedio 1999\/2001, y 49% menos que en el lapso 2002\/2011. La soja, por su parte, puede comprar en la actualidad 27% menos que en el promedio 1999\/2001 y 51% menos que en 2002\/2011.<\/p>\n<p>El trabajo de Invecq coincide con el diagn\u00f3stico y las advertencias de la dirigencia rural, que insiste en reclamar cambios urgentes ante una situaci\u00f3n de quebranto de todas las actividades productivas. El reclamo tiene como eje central la eliminaci\u00f3n de retenciones y las trabas al comercio de granos.<\/p>\n<p>La consultora va m\u00e1s all\u00e1 en el debate sobre las retenciones y se\u00f1ala que sobre la base de la evoluci\u00f3n de los \u00edndices soja, ma\u00edz y trigo sin contabilizar los derechos de exportaci\u00f3n, la consultora sostiene que \u00abuna mera quita de retenciones ya no alcanza para restablecer los niveles de rentabilidad o poder adquisitivo del agro\u00bb. Esos porque los \u00edndices actuales de los tres cultivos dan por debajo de 1 e \u00abincluso de los \u00edndices con retenciones de los \u00faltimos 10 a\u00f1os\u00bb.<\/p>\n<p>Por eso, sostiene el trabajo, devolverle rentabilidad al sector implicar\u00e1 \u00abno solo corregir o eliminar de manera total de los impuestos sobre las exportaciones sino tambi\u00e9n a un ajuste sobre el tipo de cambio\u00bb. Al respecto, ejemplific\u00f3 que \u00abuna reducci\u00f3n de retenciones a la soja que las deje en 10% y una correcci\u00f3n cambiaria que ubique al d\u00f3lar en $ 12 implicar\u00eda a precios de agosto \u00faltimo, un \u00edndice de 1,2 similar al promedio de 2007\/2010. La consultora remarca que \u00abmayores correcciones ser\u00edan necesarias para devolverle rentabilidad al trigo\u00bb<\/p>\n<p>Fuente: El Cronista Comercial<\/p>\n","protected":false},"excerpt":{"rendered":"<p>La capacidad de compra de la soja es 27% menor que en los \u201890 y 51% m\u00e1s baja que en 2007\/10<\/p>\n","protected":false},"author":5,"featured_media":0,"comment_status":"open","ping_status":"open","sticky":false,"template":"","format":"standard","meta":[],"categories":[14],"tags":[95],"_links":{"self":[{"href":"http:\/\/rurallascolonias.com.ar\/index.php?rest_route=\/wp\/v2\/posts\/8123"}],"collection":[{"href":"http:\/\/rurallascolonias.com.ar\/index.php?rest_route=\/wp\/v2\/posts"}],"about":[{"href":"http:\/\/rurallascolonias.com.ar\/index.php?rest_route=\/wp\/v2\/types\/post"}],"author":[{"embeddable":true,"href":"http:\/\/rurallascolonias.com.ar\/index.php?rest_route=\/wp\/v2\/users\/5"}],"replies":[{"embeddable":true,"href":"http:\/\/rurallascolonias.com.ar\/index.php?rest_route=%2Fwp%2Fv2%2Fcomments&post=8123"}],"version-history":[{"count":1,"href":"http:\/\/rurallascolonias.com.ar\/index.php?rest_route=\/wp\/v2\/posts\/8123\/revisions"}],"predecessor-version":[{"id":8125,"href":"http:\/\/rurallascolonias.com.ar\/index.php?rest_route=\/wp\/v2\/posts\/8123\/revisions\/8125"}],"wp:attachment":[{"href":"http:\/\/rurallascolonias.com.ar\/index.php?rest_route=%2Fwp%2Fv2%2Fmedia&parent=8123"}],"wp:term":[{"taxonomy":"category","embeddable":true,"href":"http:\/\/rurallascolonias.com.ar\/index.php?rest_route=%2Fwp%2Fv2%2Fcategories&post=8123"},{"taxonomy":"post_tag","embeddable":true,"href":"http:\/\/rurallascolonias.com.ar\/index.php?rest_route=%2Fwp%2Fv2%2Ftags&post=8123"}],"curies":[{"name":"wp","href":"https:\/\/api.w.org\/{rel}","templated":true}]}}