{"id":8119,"date":"2015-09-15T16:10:06","date_gmt":"2015-09-15T16:10:06","guid":{"rendered":"http:\/\/rurallascolonias.com.ar\/?p=8119"},"modified":"2015-09-15T16:10:06","modified_gmt":"2015-09-15T16:10:06","slug":"lecheria-santa-fe-busca-evitar-una-crisis-historica","status":"publish","type":"post","link":"http:\/\/rurallascolonias.com.ar\/?p=8119","title":{"rendered":"Lecher\u00eda: Santa Fe busca evitar una crisis hist\u00f3rica"},"content":{"rendered":"<p><em><strong><a href=\"http:\/\/rurallascolonias.com.ar\/wp-content\/uploads\/2015\/09\/crisis-lechera.jpg\"><img loading=\"lazy\" class=\"aligncenter size-full wp-image-8121\" src=\"http:\/\/rurallascolonias.com.ar\/wp-content\/uploads\/2015\/09\/crisis-lechera.jpg\" alt=\"crisis lechera\" width=\"289\" height=\"174\" \/><\/a>Productores, peque\u00f1as industrias y el gobierno provincial elevaron a la Naci\u00f3n una propuesta para fomentar exportaciones que descompriman el mercado interno. En septiembre los tamberos podr\u00edan cobrar lo mismo que en octubre de 2012<\/strong><\/em><!--more--><\/p>\n<p>El ministro de la producci\u00f3n, Carlos Fascendini, present\u00f3 hoy el documento que su cartera confeccion\u00f3 en colaboraci\u00f3n con productores y peque\u00f1os industriales en el que se proponen al gobierno nacional algunas acciones para sobrellevar la crisis que amenaza con dar un duro golpe a la lecher\u00eda nacional, a ra\u00edz de la sobre oferta de materia prima que existe en el mercado dom\u00e9stico y la imposibilidad de colocarla en el exterior.<\/p>\n<p>\u201cEsta no es una crisis m\u00e1s, es extraordinaria; y sin medidas concretas se caen los productores y las industrias, afectando seriamente no s\u00f3lo al pa\u00eds sino especialmente a Santa Fe\u201d, dijo el funcionario.<\/p>\n<p>El eje del trabajo, titulado \u201cPropuesta de Santa Fe para superar la crisis de la cadena l\u00e1ctea\u201d, solicita que las industrias tengan libre disponibilidad de las divisas de las exportaciones que se realicen hasta fin de a\u00f1o; que puedan liquidar esas divisas en un plazo de seis meses; y que se permita abonar a los tamberos la leche excedente con un cheque de pago diferido (a 180 d\u00edas), comercializable en las Bolsas de Valores de Santa Fe y Rosario. El fundamento es que, a los actuales precios de exportaci\u00f3n -en torno a u$s2.000 la tonelada de leche en polvo-, no es rentable colocar embarques en el exterior y la medida podr\u00eda servir para financiar ventas. \u201cLa industria no tiene inter\u00e9s en vender a estos precios, por eso hay que incentivarla\u201d, dijo el ministro. Sin embargo, las f\u00e1bricas agrupadas en el Centro de la Industria Lechera (CIL) -las m\u00e1s grandes del pa\u00eds- no apoyan la iniciativa, a la que el presidente de la entidad, Miguel Paul\u00f3n, consider\u00f3 \u201cinviable\u201d.<\/p>\n<p>El escrito se envi\u00f3 el jueves 10 hacia Buenos Aires con copia a varios ministerios (Econom\u00eda, Agricultura, Jefatura de Gabinete) y a las C\u00e1maras de Diputados y Senadores de la Naci\u00f3n.<\/p>\n<p>Hoy Fascendini estuvo acompa\u00f1ado por los secretarios de Agricultura e Industria, Luis Contiginai y Jos\u00e9 Garibay; el presidente de la Sociedad Rural de Las Colonias Jos\u00e9 Alonso; y el vicepresidente de MeProLSaFe (Mesa de Productores Lecheros de Santa Fe) Ra\u00fal Bertinetti.<\/p>\n<p>Durante la presentaci\u00f3n se advirti\u00f3 sobre la situaci\u00f3n de exceso de leche que viene deprimiendo el precio que cobran los productores y generando sobrecostos a las usinas, a punto tal que varias decidieron dejar de retirar la producci\u00f3n sobrante.<\/p>\n<p>\u201cEsta crisis es por sobrevivir, no es una puja por la distribuci\u00f3n de la renta como se dio en el pasado; hoy el tambero pelea por que la retiren la producci\u00f3n, no porque le bajan el precio\u201d, sintetiz\u00f3 Contigiani. \u201cNos agarra desarmados, porque no se hizo nada en lecher\u00eda durante los \u00faltimos 20 a\u00f1os\u201d, remat\u00f3.<\/p>\n<p>La situaci\u00f3n se hace m\u00e1s compleja a medida que se acerca la primavera y las producciones crecen. En la reuni\u00f3n se habl\u00f3 de precios para la leche de septiembre de entre $ 2.20 y $ 2.40 por litro, cifra que representa 32% menos de lo que las industrias santafesinas pagaron en promedio durante mayo ($ 3.24). Si esa baja se produjera, los tamberos estar\u00eda recibiendo el mismo precio que en octubre de 2012.<\/p>\n<p>De ah\u00ed que los presentes no descartaran una escalada de \u201cconflictividad\u201d entre tamberos e industrias en las pr\u00f3ximas semanas. Incluso se sugiri\u00f3 que las usinas podr\u00edan verse beneficiadas si se reeditaran los bloqueos de julio pasado, ya que as\u00ed evitar\u00edan recibir leche que hoy les genera gasto en lugar de renta.<\/p>\n<p>De no haber acciones en el corto plazo, se anticip\u00f3 un escenario muy complejo. \u201cEstamos viendo que ya hay picos de producci\u00f3n y la industria est\u00e1 tratando de no recibir leche; algunas directamente anunciaron que no retirar\u00e1n excedentes; otras que no recolectar\u00e1n la leche que no sea de sus productores asociados; y otros recortan via precio, baj\u00e1ndolo a niveles que los productores no van a poder soportar\u201d, resumi\u00f3 Fascendini.<\/p>\n<p>El ministro anticip\u00f3 que trabajar\u00e1 con sus pares de C\u00f3rdoba y Buenos Aires para impulsar la propuesta de manera conjunta ante la Naci\u00f3n. Y tambi\u00e9n que solicit\u00f3 con car\u00e1cter urgente la convocatoria al Consejo Federal Lechero para discutir la dif\u00edcil coyuntura que atraviesa el sector.<br \/>\nhttp:\/\/www.ellitoral.com<\/p>\n","protected":false},"excerpt":{"rendered":"<p>Productores, peque\u00f1as industrias y el gobierno provincial elevaron a la Naci\u00f3n una propuesta para fomentar exportaciones que descompriman el mercado interno. En septiembre los tamberos podr\u00edan cobrar lo mismo que en octubre de 2012<\/p>\n","protected":false},"author":5,"featured_media":0,"comment_status":"open","ping_status":"open","sticky":false,"template":"","format":"standard","meta":[],"categories":[46,1],"tags":[1286,12,119],"_links":{"self":[{"href":"http:\/\/rurallascolonias.com.ar\/index.php?rest_route=\/wp\/v2\/posts\/8119"}],"collection":[{"href":"http:\/\/rurallascolonias.com.ar\/index.php?rest_route=\/wp\/v2\/posts"}],"about":[{"href":"http:\/\/rurallascolonias.com.ar\/index.php?rest_route=\/wp\/v2\/types\/post"}],"author":[{"embeddable":true,"href":"http:\/\/rurallascolonias.com.ar\/index.php?rest_route=\/wp\/v2\/users\/5"}],"replies":[{"embeddable":true,"href":"http:\/\/rurallascolonias.com.ar\/index.php?rest_route=%2Fwp%2Fv2%2Fcomments&post=8119"}],"version-history":[{"count":1,"href":"http:\/\/rurallascolonias.com.ar\/index.php?rest_route=\/wp\/v2\/posts\/8119\/revisions"}],"predecessor-version":[{"id":8122,"href":"http:\/\/rurallascolonias.com.ar\/index.php?rest_route=\/wp\/v2\/posts\/8119\/revisions\/8122"}],"wp:attachment":[{"href":"http:\/\/rurallascolonias.com.ar\/index.php?rest_route=%2Fwp%2Fv2%2Fmedia&parent=8119"}],"wp:term":[{"taxonomy":"category","embeddable":true,"href":"http:\/\/rurallascolonias.com.ar\/index.php?rest_route=%2Fwp%2Fv2%2Fcategories&post=8119"},{"taxonomy":"post_tag","embeddable":true,"href":"http:\/\/rurallascolonias.com.ar\/index.php?rest_route=%2Fwp%2Fv2%2Ftags&post=8119"}],"curies":[{"name":"wp","href":"https:\/\/api.w.org\/{rel}","templated":true}]}}