{"id":811,"date":"2014-01-07T13:12:05","date_gmt":"2014-01-07T13:12:05","guid":{"rendered":"http:\/\/rurallascolonias.com.ar\/?p=811"},"modified":"2014-01-07T13:12:05","modified_gmt":"2014-01-07T13:12:05","slug":"la-sociedad-rural-convoco-para-hoy-una-reunion-con-empresarios","status":"publish","type":"post","link":"http:\/\/rurallascolonias.com.ar\/?p=811","title":{"rendered":"LA SOCIEDAD RURAL CONVOC\u00d3 PARA HOY UNA REUNI\u00d3N CON EMPRESARIOS"},"content":{"rendered":"<p style=\"text-align: center;\"><b><i><a href=\"http:\/\/rurallascolonias.com.ar\/wp-content\/uploads\/2014\/01\/empresarios.jpg\"><img loading=\"lazy\" class=\"aligncenter  wp-image-812\" alt=\"empresarios\" src=\"http:\/\/rurallascolonias.com.ar\/wp-content\/uploads\/2014\/01\/empresarios.jpg\" width=\"342\" height=\"180\" srcset=\"http:\/\/rurallascolonias.com.ar\/wp-content\/uploads\/2014\/01\/empresarios.jpg 570w, http:\/\/rurallascolonias.com.ar\/wp-content\/uploads\/2014\/01\/empresarios-300x157.jpg 300w\" sizes=\"(max-width: 342px) 100vw, 342px\" \/><\/a>ES PARA EXIGIR MAYOR INSTITUCIONALIDAD<\/i><\/b><\/p>\n<p>Hoy a las 17 en la sede de Palermo, habr\u00e1 un encuentro con entidades empresarias como AEA, IDEA, ACDE y c\u00e1maras de comercio norteamericana y brasile\u00f1a. Algunas c\u00e1maras rechazaron la invitaci\u00f3n por temor a ser considerados desestabilizadores. Antes se reunir\u00e1 la Mesa de Enlace.<!--more--><\/p>\n<p>Con la intenci\u00f3n de conformar un grupo cada vez m\u00e1s amplio de c\u00e1maras que quieran revalorizar el rol del sector privado y promover la defensa de las instituciones. El \u00faltimo encuentro entre empresarios fue en noviembre pasado.<\/p>\n<p>Ni la C\u00e1mara de la Construcci\u00f3n, ni la Asociaci\u00f3n de bancos de la Argentina partiipar\u00e1n del encuentro. Algunos empresarios temen que el gobierno vincule este tipo de reuniones con la oposici\u00f3n o con intentos de desestabilizaci\u00f3n. De los miembros de la UIA participar\u00e1 Cristiano Rattazzi.<\/p>\n<p>El presidente de la SRA, Luis Miguel Etchevehere descart\u00f3 que hubiese un objetivo pol\u00edtico en esta convocatoria.<\/p>\n<p>Por otra parte, las entidades agropecuarias se reunir\u00e1n previamente en la sede de La Rural. Analizar\u00e1n la situaci\u00f3n del sector. Todav\u00eda no lograron reunirse con el nuevo ministro de Agricultura, Carlos Casamiquela.<\/p>\n<p>Fuente: Edici\u00f3n Rural<\/p>\n","protected":false},"excerpt":{"rendered":"<p>ES PARA EXIGIR MAYOR INSTITUCIONALIDAD Hoy a las 17 en la sede de Palermo, habr\u00e1 un encuentro con entidades empresarias como AEA, IDEA, ACDE y c\u00e1maras de comercio norteamericana y brasile\u00f1a. Algunas c\u00e1maras rechazaron la invitaci\u00f3n por temor a ser considerados desestabilizadores. Antes se reunir\u00e1 la Mesa de Enlace.<\/p>\n","protected":false},"author":5,"featured_media":0,"comment_status":"closed","ping_status":"closed","sticky":false,"template":"","format":"standard","meta":[],"categories":[42],"tags":[326,325,324],"_links":{"self":[{"href":"http:\/\/rurallascolonias.com.ar\/index.php?rest_route=\/wp\/v2\/posts\/811"}],"collection":[{"href":"http:\/\/rurallascolonias.com.ar\/index.php?rest_route=\/wp\/v2\/posts"}],"about":[{"href":"http:\/\/rurallascolonias.com.ar\/index.php?rest_route=\/wp\/v2\/types\/post"}],"author":[{"embeddable":true,"href":"http:\/\/rurallascolonias.com.ar\/index.php?rest_route=\/wp\/v2\/users\/5"}],"replies":[{"embeddable":true,"href":"http:\/\/rurallascolonias.com.ar\/index.php?rest_route=%2Fwp%2Fv2%2Fcomments&post=811"}],"version-history":[{"count":1,"href":"http:\/\/rurallascolonias.com.ar\/index.php?rest_route=\/wp\/v2\/posts\/811\/revisions"}],"predecessor-version":[{"id":813,"href":"http:\/\/rurallascolonias.com.ar\/index.php?rest_route=\/wp\/v2\/posts\/811\/revisions\/813"}],"wp:attachment":[{"href":"http:\/\/rurallascolonias.com.ar\/index.php?rest_route=%2Fwp%2Fv2%2Fmedia&parent=811"}],"wp:term":[{"taxonomy":"category","embeddable":true,"href":"http:\/\/rurallascolonias.com.ar\/index.php?rest_route=%2Fwp%2Fv2%2Fcategories&post=811"},{"taxonomy":"post_tag","embeddable":true,"href":"http:\/\/rurallascolonias.com.ar\/index.php?rest_route=%2Fwp%2Fv2%2Ftags&post=811"}],"curies":[{"name":"wp","href":"https:\/\/api.w.org\/{rel}","templated":true}]}}