{"id":8093,"date":"2015-09-11T10:49:57","date_gmt":"2015-09-11T10:49:57","guid":{"rendered":"http:\/\/rurallascolonias.com.ar\/?p=8093"},"modified":"2015-09-11T17:02:52","modified_gmt":"2015-09-11T17:02:52","slug":"regimen-de-recomposicion-del-pequeno-productor-lechero%e2%80%8f","status":"publish","type":"post","link":"http:\/\/rurallascolonias.com.ar\/?p=8093","title":{"rendered":"R\u00e9gimen de Recomposici\u00f3n del Peque\u00f1o Productor Lechero\u200f"},"content":{"rendered":"<div><b>Resoluci\u00f3n emitida en el d\u00eda de hoy.<\/b><\/div>\n<div class=\"ecxmoz-forward-container\">\n<div class=\"ecxWordSection1\">\n<p class=\"ecxMsoNormal\"><b>Secretar\u00eda de\u00a0Comercio<\/b><\/p>\n<p class=\"ecxMsoNormal\"><b>ACTIVIDAD LECHERA<\/b><\/p>\n<p class=\"ecxMsoNormal\">Resoluci\u00f3n 365\/2015<\/p>\n<p class=\"ecxMsoNormal\"><b>R\u00e9gimen de Recomposici\u00f3n del Peque\u00f1o Productor Lechero &#8211; Fase 2.0. Pr\u00f3rroga<\/b><\/p>\n<p class=\"ecxMsoNormal\">VISTO el Expediente N\u00b0\u00a0S01:0208708\/2015 del Registro del MINISTERIO DE ECONOM\u00cdA Y FINANZAS P\u00daBLICAS, la Resoluci\u00f3n N\u00b0\u00a0769 de fecha 21 de agosto de 2015 del MINISTERIO DE ECONOM\u00cdA Y FINANZAS P\u00daBLICAS<\/p>\n<p class=\"ecxMsoNormal\">CONSIDERANDO:<\/p>\n<p class=\"ecxMsoNormal\">Que la Resoluci\u00f3n N\u00b0\u00a0769 de fecha 21 de agosto de 2015 del MINISTERIO DE ECONOM\u00cdA Y FINANZAS P\u00daBLICAS cre\u00f3 el \u201cR\u00e9gimen de Recomposici\u00f3n del Peque\u00f1o Productor Lechero &#8211; Fase 2.0\u201d, cuyo objetivo es otorgar un aporte de PESOS CERO COMA TREINTA CENTAVOS ($\u00a00,30) por litro producido de leche cruda con destino a su industrializaci\u00f3n, a aquellos peque\u00f1os productores que hubieren producido un promedio diario de hasta SEIS MIL LITROS (6.000 I), calculados en forma mensual para el mes de junio de 2015, pudiendo ser prorrogado mediante resoluci\u00f3n de la SECRETAR\u00cdA DE COMERCIO del MINISTERIO DE ECONOM\u00cdA Y FINANZAS P\u00daBLICAS en caso de verificarse circunstancias que as\u00ed lo aconsejan.<\/p>\n<p class=\"ecxMsoNormal\">Que los fundamentos que motivaron al dictado del R\u00e9gimen precitado siguen presentes, a lo que se le suma el factor estacional de la primavera, que es un per\u00edodo dif\u00edcil para la actividad lechera debido a que el excedente en la producci\u00f3n debilita comercialmente a toda la cadena.<\/p>\n<p class=\"ecxMsoNormal\">Que en miras a promover y proteger esta actividad econ\u00f3mica deviene necesario prorrogar para el mes de julio de 2015, los beneficios instituidos por la resoluci\u00f3n precedentemente mencionada.<\/p>\n<p class=\"ecxMsoNormal\">Que la pr\u00f3rroga dispuesta tiene como finalidad proteger la actividad lechera argentina, garantizar el normal abastecimiento del mercado interno y aumentar el saldo exportable del sector.<\/p>\n<p class=\"ecxMsoNormal\">Que la Direcci\u00f3n General de Asuntos Jur\u00eddicos del MINISTERIO DE ECONOM\u00cdA Y FINANZAS P\u00daBLICAS ha tomado la intervenci\u00f3n que le compete.<\/p>\n<p class=\"ecxMsoNormal\">Que la presente medida se dicta en ejercicio de las facultades conferidas por el Art\u00edculo 7\u00b0 de la Resoluci\u00f3n N\u00b0\u00a0769\/15 del MINISTERIO DE ECONOM\u00cdA Y FINANZAS P\u00daBLICAS.<\/p>\n<p class=\"ecxMsoNormal\">Por ello,<\/p>\n<p class=\"ecxMsoNormal\">EL SECRETARIO<\/p>\n<p class=\"ecxMsoNormal\">DE COMERCIO<\/p>\n<p class=\"ecxMsoNormal\">RESUELVE:<\/p>\n<p class=\"ecxMsoNormal\">Art\u00edculo 1\u00b0 \u2014 Prorr\u00f3gase para el mes de julio de 2015 el \u201cR\u00e9gimen de Recomposici\u00f3n del Peque\u00f1o Productor Lechero &#8211; Fase 2.0\u201d, instituido por la Resoluci\u00f3n N\u00b0\u00a0769 de fecha 21 de agosto de 2015 del MINISTERIO DE ECONOM\u00cdA Y FINANZAS P\u00daBLICAS.<\/p>\n<p class=\"ecxMsoNormal\">Art. 2\u00b0 \u2014 Aquellos beneficiarios del R\u00e9gimen precitado ser\u00e1n autom\u00e1ticamente incluidos para el c\u00e1lculo del mes de julio de 2015 sin necesidad de efectuar ning\u00fan tr\u00e1mite adicional.<\/p>\n<p class=\"ecxMsoNormal\">Art. 3\u00b0 \u2014 El gasto que demande el cumplimiento de la presente medida ser\u00e1 imputado a los cr\u00e9ditos presupuestarios de la Jurisdicci\u00f3n 50 &#8211; MINISTERIO DE ECONOM\u00cdA Y FINANZAS P\u00daBLICAS, Programa 28 \u201cDefinici\u00f3n de Pol\u00edticas de Comercio Interior\u201d, Fuente de Financiamiento 11 \u201cTesoro Nacional\u201d, Inciso 5 \u201cTransferencias\u201d.<\/p>\n<p class=\"ecxMsoNormal\">Art. 4\u00b0 \u2014 La presente resoluci\u00f3n tendr\u00e1 vigencia a partir de su publicaci\u00f3n en el Bolet\u00edn Oficial.<\/p>\n<p class=\"ecxMsoNormal\">Art. 5\u00b0 \u2014 Comun\u00edquese, publ\u00edquese, d\u00e9se a la Direcci\u00f3n Nacional del Registro Oficial y arch\u00edvese. \u2014 Augusto Costa.<\/p>\n<\/div>\n<\/div>\n<p>&nbsp;<\/p>\n<p>&nbsp;<\/p>\n","protected":false},"excerpt":{"rendered":"<p>Resoluci\u00f3n emitida en el d\u00eda de hoy. Secretar\u00eda de\u00a0Comercio ACTIVIDAD LECHERA Resoluci\u00f3n 365\/2015 R\u00e9gimen de Recomposici\u00f3n del Peque\u00f1o Productor Lechero &#8211; Fase 2.0. Pr\u00f3rroga VISTO el Expediente N\u00b0\u00a0S01:0208708\/2015 del Registro del MINISTERIO DE ECONOM\u00cdA Y FINANZAS P\u00daBLICAS, la Resoluci\u00f3n N\u00b0\u00a0769 de fecha 21 de agosto de 2015 del MINISTERIO DE ECONOM\u00cdA Y FINANZAS P\u00daBLICAS CONSIDERANDO: [&hellip;]<\/p>\n","protected":false},"author":5,"featured_media":0,"comment_status":"open","ping_status":"open","sticky":false,"template":"","format":"standard","meta":[],"categories":[29,46],"tags":[],"_links":{"self":[{"href":"http:\/\/rurallascolonias.com.ar\/index.php?rest_route=\/wp\/v2\/posts\/8093"}],"collection":[{"href":"http:\/\/rurallascolonias.com.ar\/index.php?rest_route=\/wp\/v2\/posts"}],"about":[{"href":"http:\/\/rurallascolonias.com.ar\/index.php?rest_route=\/wp\/v2\/types\/post"}],"author":[{"embeddable":true,"href":"http:\/\/rurallascolonias.com.ar\/index.php?rest_route=\/wp\/v2\/users\/5"}],"replies":[{"embeddable":true,"href":"http:\/\/rurallascolonias.com.ar\/index.php?rest_route=%2Fwp%2Fv2%2Fcomments&post=8093"}],"version-history":[{"count":2,"href":"http:\/\/rurallascolonias.com.ar\/index.php?rest_route=\/wp\/v2\/posts\/8093\/revisions"}],"predecessor-version":[{"id":8100,"href":"http:\/\/rurallascolonias.com.ar\/index.php?rest_route=\/wp\/v2\/posts\/8093\/revisions\/8100"}],"wp:attachment":[{"href":"http:\/\/rurallascolonias.com.ar\/index.php?rest_route=%2Fwp%2Fv2%2Fmedia&parent=8093"}],"wp:term":[{"taxonomy":"category","embeddable":true,"href":"http:\/\/rurallascolonias.com.ar\/index.php?rest_route=%2Fwp%2Fv2%2Fcategories&post=8093"},{"taxonomy":"post_tag","embeddable":true,"href":"http:\/\/rurallascolonias.com.ar\/index.php?rest_route=%2Fwp%2Fv2%2Ftags&post=8093"}],"curies":[{"name":"wp","href":"https:\/\/api.w.org\/{rel}","templated":true}]}}