{"id":807,"date":"2014-01-07T16:52:54","date_gmt":"2014-01-07T16:52:54","guid":{"rendered":"http:\/\/rurallascolonias.com.ar\/?p=807"},"modified":"2014-01-07T16:52:54","modified_gmt":"2014-01-07T16:52:54","slug":"rafaela-tiene-nuevos-profesionales-tamberos","status":"publish","type":"post","link":"http:\/\/rurallascolonias.com.ar\/?p=807","title":{"rendered":"RAFAELA TIENE NUEVOS PROFESIONALES TAMBEROS"},"content":{"rendered":"<p><a href=\"http:\/\/rurallascolonias.com.ar\/wp-content\/uploads\/2014\/01\/profesionales-rafaelinos.jpg\"><img loading=\"lazy\" class=\"aligncenter size-full wp-image-815\" alt=\"profesionales rafaelinos\" src=\"http:\/\/rurallascolonias.com.ar\/wp-content\/uploads\/2014\/01\/profesionales-rafaelinos.jpg\" width=\"259\" height=\"194\" \/><\/a>El d\u00eda 17 de diciembre de 2013, se realiz\u00f3 el cierre del 49\u00b0 Curso \u201cEl Profesional Tambero\u201d que se realiza en la Provincia de Santa Fe. Cursaron durante el 2013.<br \/>\nEl mismo es el 5\u00b0 realizado en la ciudad de Rafaela y -en esta oportunidad- fue organizado en forma conjunta con la Sociedad Rural de la ciudad.<!--more--><\/p>\n<p>21 tamberos junto a sus productores en algunos casos, iniciaron su capacitaci\u00f3n el d\u00eda 3 de septiembre cerrando su ciclo el 17 de diciembre.<\/p>\n<p>El cierre se realiz\u00f3 en Campo Roca, establecimiento lechero en el que INTA desarrolla actividades de extensi\u00f3n y capacitaci\u00f3n para diferentes actores, productores, profesionales, tamberos, estudiantes, docentes y dirigentes nacionales e internacionacionales relacionados con el sector lechero.<\/p>\n<p>Este \u00faltimo encuentro consisti\u00f3 en una recorrida por el Campo, para conocer y analizar los par\u00e1metros productivos y las tecnolog\u00edas de proceso que se llevan adelante all\u00ed, profundizando luego en el manejo de la alimentaci\u00f3n, la crianza de terneros, el manejo de las pasturas y aspectos relacionados a la rutina de orde\u00f1o, en el mismo tambo.<\/p>\n<p>Como docentes, el Ingeniero Mario Mondino, junto al veterinario Abel Zenklusen y al ingeniero Fernando Trucco conversaron sobre estos temas realizando un interesante intercambio de preguntas y propuestas para trabajar en los tambos.<\/p>\n<p>Luego de la recorrida, la ingeniera Mar\u00eda Rosa Scala desarroll\u00f3 el tema \u201cEconom\u00eda familiar\u201d como herramienta para favorecer el progreso y mejorar la calidad de vida de los tamberos.<\/p>\n<p>A continuaci\u00f3n, se realiz\u00f3 la entrega de certificados donde se sumaron los productores presentes para entregarlos a sus tamberos y, como representante de la cooperadora del INTA el Ing. Castagno, quienes donaron dos becas a operarios de la zona que se dedican a la crianza de terneros.<\/p>\n<p>El encuentro culmin\u00f3 con un lunch donde, en un ambiente alegre de camarader\u00eda, los tamberos agradecieron el desarrollo del curso, valoraron las clases, el encuentro peri\u00f3dico y la necesidad de volver a encontrarse en nuevas capacitaciones el a\u00f1o pr\u00f3ximo.<\/p>\n<p>Qu\u00e9 es \u201cEl Profesional Tambero\u201d<\/p>\n<p>Los Cursos \u201cEl Profesional Tambero\u201d del INTA se desarrollan desde el a\u00f1o 2007 y son una experiencia innovadora de capacitaci\u00f3n para este actor espec\u00edfico, cuyos objetivos rebasan el entrenamiento, proponi\u00e9ndose como espacio de aprendizaje centrado en la valorizaci\u00f3n del saber de los tamberos a partir de su integraci\u00f3n en los equipos de trabajo del tambo.<br \/>\nLa propuesta de capacitaci\u00f3n dura 3 meses y cuenta con un dise\u00f1o que permite ser implementado simult\u00e1neamente en todo el pa\u00eds, garantizando su identidad y calidad.<br \/>\nEn la Argentina, tomando como base la existencia de 11282 tambos (SENASA 2011) 29 % han sido capacitados en las principales cuencas lecheras del pa\u00eds, alcanzando Santa Fe 1400 tambos con tamberos capacitados sobre un total de 3720 establecimientos.<\/p>\n<p>Fuente: sinmordaza.com<\/p>\n","protected":false},"excerpt":{"rendered":"<p>El d\u00eda 17 de diciembre de 2013, se realiz\u00f3 el cierre del 49\u00b0 Curso \u201cEl Profesional Tambero\u201d que se realiza en la Provincia de Santa Fe. Cursaron durante el 2013. El mismo es el 5\u00b0 realizado en la ciudad de Rafaela y -en esta oportunidad- fue organizado en forma conjunta con la Sociedad Rural de [&hellip;]<\/p>\n","protected":false},"author":5,"featured_media":0,"comment_status":"closed","ping_status":"closed","sticky":false,"template":"","format":"standard","meta":[],"categories":[42],"tags":[328,327],"_links":{"self":[{"href":"http:\/\/rurallascolonias.com.ar\/index.php?rest_route=\/wp\/v2\/posts\/807"}],"collection":[{"href":"http:\/\/rurallascolonias.com.ar\/index.php?rest_route=\/wp\/v2\/posts"}],"about":[{"href":"http:\/\/rurallascolonias.com.ar\/index.php?rest_route=\/wp\/v2\/types\/post"}],"author":[{"embeddable":true,"href":"http:\/\/rurallascolonias.com.ar\/index.php?rest_route=\/wp\/v2\/users\/5"}],"replies":[{"embeddable":true,"href":"http:\/\/rurallascolonias.com.ar\/index.php?rest_route=%2Fwp%2Fv2%2Fcomments&post=807"}],"version-history":[{"count":1,"href":"http:\/\/rurallascolonias.com.ar\/index.php?rest_route=\/wp\/v2\/posts\/807\/revisions"}],"predecessor-version":[{"id":816,"href":"http:\/\/rurallascolonias.com.ar\/index.php?rest_route=\/wp\/v2\/posts\/807\/revisions\/816"}],"wp:attachment":[{"href":"http:\/\/rurallascolonias.com.ar\/index.php?rest_route=%2Fwp%2Fv2%2Fmedia&parent=807"}],"wp:term":[{"taxonomy":"category","embeddable":true,"href":"http:\/\/rurallascolonias.com.ar\/index.php?rest_route=%2Fwp%2Fv2%2Fcategories&post=807"},{"taxonomy":"post_tag","embeddable":true,"href":"http:\/\/rurallascolonias.com.ar\/index.php?rest_route=%2Fwp%2Fv2%2Ftags&post=807"}],"curies":[{"name":"wp","href":"https:\/\/api.w.org\/{rel}","templated":true}]}}