{"id":7990,"date":"2015-09-02T13:32:17","date_gmt":"2015-09-02T13:32:17","guid":{"rendered":"http:\/\/rurallascolonias.com.ar\/?p=7990"},"modified":"2015-09-02T13:32:17","modified_gmt":"2015-09-02T13:32:17","slug":"que-caracteristicas-tendra-el-nino","status":"publish","type":"post","link":"http:\/\/rurallascolonias.com.ar\/?p=7990","title":{"rendered":"Que caracter\u00edsticas tendr\u00e1 El Ni\u00f1o"},"content":{"rendered":"<p><strong><em><a href=\"http:\/\/rurallascolonias.com.ar\/wp-content\/uploads\/2015\/09\/El-Ni\u00f1o.jpg\"><img loading=\"lazy\" class=\"aligncenter wp-image-7991 size-medium\" src=\"http:\/\/rurallascolonias.com.ar\/wp-content\/uploads\/2015\/09\/El-Ni\u00f1o-300x155.jpg\" alt=\"El Ni\u00f1o\" width=\"300\" height=\"155\" srcset=\"http:\/\/rurallascolonias.com.ar\/wp-content\/uploads\/2015\/09\/El-Ni\u00f1o-300x155.jpg 300w, http:\/\/rurallascolonias.com.ar\/wp-content\/uploads\/2015\/09\/El-Ni\u00f1o-600x310.jpg 600w, http:\/\/rurallascolonias.com.ar\/wp-content\/uploads\/2015\/09\/El-Ni\u00f1o-624x323.jpg 624w, http:\/\/rurallascolonias.com.ar\/wp-content\/uploads\/2015\/09\/El-Ni\u00f1o.jpg 648w\" sizes=\"(max-width: 300px) 100vw, 300px\" \/><\/a>Seg\u00fan los expertos, cuando llueva, llover\u00e1 mucho pero cuando no lo haga, la sequ\u00eda estar\u00e1 regida por temperaturas muy altas durante varios d\u00edas<\/em><\/strong><!--more--><\/p>\n<div class=\"vsmcontent\">\n<p>Dadas estas circunstancias \u00bfqu\u00e9 es lo que podemos esperar? Pues, tambi\u00e9n m\u00e1s de lo mismo: centros urbanos inundados (una de las previsiones m\u00e1s recalcadas por los climat\u00f3logos y que m\u00e1s les preocupa de acuerdo a los niveles de precipitaciones esperadas), caminos anegados e inconvenientes para transitar, problemas sanitarios y de calidad a cosecha de los cultivos agr\u00edcolas, dificultad para la recolecci\u00f3n y transporte de los granos del lote al acopio.<\/p>\n<p>Lamentablemente los caprichos de El Ni\u00f1o no podremos torcerlos porque en el clima no podemos ejercer acciones directas a corto ni mediano plazo, pero s\u00ed podemos tomar medidas preventivas respecto a las consecuencias de sus efectos sobre la vida y actividad humana. Desde el cotidiano, el esfuerzo personal debe estar puesto en la responsabilidad social aplicada al colectivo y no al individualismo. Desde cuidar de mantener limpias las calles y bocas de tormenta para evitar anegamientos urbanos, hasta no realizar obras para eliminar el excedente de agua sin contemplar el resultado sobre otros, en el medio son numerosas las acciones con las que podemos contribuir a no padecer como cat\u00e1strofes excesos clim\u00e1ticos temporarios.<\/p>\n<p>Desde lo productivo recordar que aumentar la variabilidad de cultivares y fechas de siembra ampl\u00edan la ventana de producci\u00f3n, permitiendo no s\u00f3lo escapar a las condiciones desfavorables distribuyendo los \u201cda\u00f1os\u201d, si no tambi\u00e9n programar la cosecha. As\u00ed ni todo el lote ser\u00e1 afectado de igual forma por la sequ\u00eda, ni todo estar\u00e1 largo tiempo esperando para ser cosechado por falta de piso. La planificaci\u00f3n es la mejor aliada, especialmente en circunstancias como las que se prev\u00e9n para los pr\u00f3ximos meses, de manera de adelantarnos con medidas mitigadoras y de escape.<\/p>\n<\/div>\n<div class=\"copyright\">\n<div class=\"author\">INTA<\/div>\n<\/div>\n","protected":false},"excerpt":{"rendered":"<p>Seg\u00fan los expertos, cuando llueva, llover\u00e1 mucho pero cuando no lo haga, la sequ\u00eda estar\u00e1 regida por temperaturas muy altas durante varios d\u00edas<\/p>\n","protected":false},"author":5,"featured_media":0,"comment_status":"open","ping_status":"open","sticky":false,"template":"","format":"standard","meta":[],"categories":[40],"tags":[91,618],"_links":{"self":[{"href":"http:\/\/rurallascolonias.com.ar\/index.php?rest_route=\/wp\/v2\/posts\/7990"}],"collection":[{"href":"http:\/\/rurallascolonias.com.ar\/index.php?rest_route=\/wp\/v2\/posts"}],"about":[{"href":"http:\/\/rurallascolonias.com.ar\/index.php?rest_route=\/wp\/v2\/types\/post"}],"author":[{"embeddable":true,"href":"http:\/\/rurallascolonias.com.ar\/index.php?rest_route=\/wp\/v2\/users\/5"}],"replies":[{"embeddable":true,"href":"http:\/\/rurallascolonias.com.ar\/index.php?rest_route=%2Fwp%2Fv2%2Fcomments&post=7990"}],"version-history":[{"count":1,"href":"http:\/\/rurallascolonias.com.ar\/index.php?rest_route=\/wp\/v2\/posts\/7990\/revisions"}],"predecessor-version":[{"id":7992,"href":"http:\/\/rurallascolonias.com.ar\/index.php?rest_route=\/wp\/v2\/posts\/7990\/revisions\/7992"}],"wp:attachment":[{"href":"http:\/\/rurallascolonias.com.ar\/index.php?rest_route=%2Fwp%2Fv2%2Fmedia&parent=7990"}],"wp:term":[{"taxonomy":"category","embeddable":true,"href":"http:\/\/rurallascolonias.com.ar\/index.php?rest_route=%2Fwp%2Fv2%2Fcategories&post=7990"},{"taxonomy":"post_tag","embeddable":true,"href":"http:\/\/rurallascolonias.com.ar\/index.php?rest_route=%2Fwp%2Fv2%2Ftags&post=7990"}],"curies":[{"name":"wp","href":"https:\/\/api.w.org\/{rel}","templated":true}]}}