{"id":7931,"date":"2015-08-28T11:30:35","date_gmt":"2015-08-28T11:30:35","guid":{"rendered":"http:\/\/rurallascolonias.com.ar\/?p=7931"},"modified":"2015-08-28T11:30:59","modified_gmt":"2015-08-28T11:30:59","slug":"solicitaran-la-prorroga-de-la-emergencia-agropecuaria","status":"publish","type":"post","link":"http:\/\/rurallascolonias.com.ar\/?p=7931","title":{"rendered":"Solicitar\u00e1n la pr\u00f3rroga de la emergencia agropecuaria"},"content":{"rendered":"<p><strong><em>AL PODER EJECUTIVO<\/em><\/strong><\/p>\n<p><a href=\"http:\/\/rurallascolonias.com.ar\/wp-content\/uploads\/2014\/02\/emergencia-agropecuaria-2.jpg\"><img loading=\"lazy\" class=\"aligncenter size-full wp-image-1304\" src=\"http:\/\/rurallascolonias.com.ar\/wp-content\/uploads\/2014\/02\/emergencia-agropecuaria-2.jpg\" alt=\"emergencia agropecuaria 2\" width=\"300\" height=\"168\" \/><\/a>En los pr\u00f3ximos d\u00edas estar\u00e1n disponibles cr\u00e9ditos por 100 millones de pesos para productores en situaci\u00f3n cr\u00edtica. Se presentaron hasta el momento 900 solicitudes<!--more--><\/p>\n<p>Encabezada por los secretarios del Sistema H\u00eddrico, Forestal y Minero, Roberto Tion; y del Sistema Agropecuario, Luis Contigiani, se reuni\u00f3 esta ma\u00f1ana la Comisi\u00f3n de Emergencia Agropecuaria. El encuentro se llev\u00f3 a cabo en el Sal\u00f3n Amarillo del Ministerio de la Producci\u00f3n para abordar la situaci\u00f3n especial que atraviesan las \u00e1reas productivas de distintos distritos de la provincia, ante las inclemencias clim\u00e1ticas de p\u00fablico conocimiento.<\/p>\n<p>La comisi\u00f3n sesion\u00f3 con la presencia de representantes de distintas \u00e1reas de gobierno, integrantes de las comisiones de Agricultura y Ganader\u00eda de ambas c\u00e1maras legislativas, delegados de cada una de las entidades vinculadas a la actividad agropecuaria de la provincia e INTA, entre otros.<\/p>\n<p>Al respecto, Tion manifest\u00f3: \u201cEl sector agropecuario est\u00e1 pasando hoy una situaci\u00f3n muy compleja, no solamente desde lo clim\u00e1tico, sino que estamos ante una actividad productiva con una muy baja rentabilidad en la actualidad\u201d.<\/p>\n<p>Con respecto a las herramientas financieras impulsadas desde el gobierno provincial, el funcionario expres\u00f3: \u201cSe han presentado unas 900 solicitudes de productores agropecuarios para la obtenci\u00f3n de cr\u00e9ditos a trav\u00e9s de CFI, de las cuales m\u00e1s la mitad ya han sido aprobados y cuentan con resoluci\u00f3n del Ministro; las restantes a\u00fan se encuentran en proceso de an\u00e1lisis. La recepci\u00f3n de esta herramienta super\u00f3 por mucho lo esperado\u201d.<\/p>\n<p>\u201cPor otro lado, ya ha sido anunciado p\u00fablicamente que estar\u00e1n disponibles en los pr\u00f3ximos d\u00edas, desde el Nuevo Banco de Sana Fe, la suma de 100 millones de pesos destinados a cr\u00e9ditos hasta 400 mil pesos para productores en emergencia, con una bonificaci\u00f3n del 5 por ciento en la tasa (19,75 por ciento final, hasta 18 meses de plazo con 6 de gracia)\u201d, finaliz\u00f3.<\/p>\n<p>CONCLUSIONES<\/p>\n<p>Finalizado el encuentro, Tion inform\u00f3 sobre las conclusiones arribadas y manifest\u00f3 que \u201cse solicitar\u00e1 la pr\u00f3rroga al Poder Ejecutivo de los cuatro decretos de emergencia agropecuaria (N\u00ba 246, 714, 1019 y 1509 del corriente a\u00f1o), que vale aclarar ya cuentan con la homologaci\u00f3n nacional e incluyen la totalidad del territorio de nuestra provincia\u201d.<\/p>\n<p>\u201cLa pr\u00f3rroga ser\u00e1 por un per\u00edodo m\u00ednimo de seis meses, desde el d\u00eda 1 de julio y se est\u00e1 analizando la posibilidad de que ese per\u00edodo sea m\u00e1s extenso\u201d, finaliz\u00f3 el funcionario.<\/p>\n<p>Fuente: prensa gobierno de Santa Fe<\/p>\n","protected":false},"excerpt":{"rendered":"<p>AL PODER EJECUTIVO En los pr\u00f3ximos d\u00edas estar\u00e1n disponibles cr\u00e9ditos por 100 millones de pesos para productores en situaci\u00f3n cr\u00edtica. Se presentaron hasta el momento 900 solicitudes<\/p>\n","protected":false},"author":5,"featured_media":0,"comment_status":"open","ping_status":"open","sticky":false,"template":"","format":"standard","meta":[],"categories":[42],"tags":[747],"_links":{"self":[{"href":"http:\/\/rurallascolonias.com.ar\/index.php?rest_route=\/wp\/v2\/posts\/7931"}],"collection":[{"href":"http:\/\/rurallascolonias.com.ar\/index.php?rest_route=\/wp\/v2\/posts"}],"about":[{"href":"http:\/\/rurallascolonias.com.ar\/index.php?rest_route=\/wp\/v2\/types\/post"}],"author":[{"embeddable":true,"href":"http:\/\/rurallascolonias.com.ar\/index.php?rest_route=\/wp\/v2\/users\/5"}],"replies":[{"embeddable":true,"href":"http:\/\/rurallascolonias.com.ar\/index.php?rest_route=%2Fwp%2Fv2%2Fcomments&post=7931"}],"version-history":[{"count":2,"href":"http:\/\/rurallascolonias.com.ar\/index.php?rest_route=\/wp\/v2\/posts\/7931\/revisions"}],"predecessor-version":[{"id":7933,"href":"http:\/\/rurallascolonias.com.ar\/index.php?rest_route=\/wp\/v2\/posts\/7931\/revisions\/7933"}],"wp:attachment":[{"href":"http:\/\/rurallascolonias.com.ar\/index.php?rest_route=%2Fwp%2Fv2%2Fmedia&parent=7931"}],"wp:term":[{"taxonomy":"category","embeddable":true,"href":"http:\/\/rurallascolonias.com.ar\/index.php?rest_route=%2Fwp%2Fv2%2Fcategories&post=7931"},{"taxonomy":"post_tag","embeddable":true,"href":"http:\/\/rurallascolonias.com.ar\/index.php?rest_route=%2Fwp%2Fv2%2Ftags&post=7931"}],"curies":[{"name":"wp","href":"https:\/\/api.w.org\/{rel}","templated":true}]}}