{"id":7928,"date":"2015-08-28T11:24:05","date_gmt":"2015-08-28T11:24:05","guid":{"rendered":"http:\/\/rurallascolonias.com.ar\/?p=7928"},"modified":"2015-08-28T11:24:05","modified_gmt":"2015-08-28T11:24:05","slug":"coninagro-anuncio-que-se-retira-de-la-mesa-de-lecheria-convocada-por-el-gobierno","status":"publish","type":"post","link":"http:\/\/rurallascolonias.com.ar\/?p=7928","title":{"rendered":"Coninagro anunci\u00f3 que se retira de la Mesa de Lecher\u00eda convocada por el Gobierno"},"content":{"rendered":"<p><strong><em><a href=\"http:\/\/rurallascolonias.com.ar\/wp-content\/uploads\/2015\/08\/conninagro.jpg\"><img loading=\"lazy\" class=\"aligncenter size-full wp-image-7929\" src=\"http:\/\/rurallascolonias.com.ar\/wp-content\/uploads\/2015\/08\/conninagro.jpg\" alt=\"conninagro\" width=\"337\" height=\"149\" srcset=\"http:\/\/rurallascolonias.com.ar\/wp-content\/uploads\/2015\/08\/conninagro.jpg 337w, http:\/\/rurallascolonias.com.ar\/wp-content\/uploads\/2015\/08\/conninagro-300x133.jpg 300w\" sizes=\"(max-width: 337px) 100vw, 337px\" \/><\/a>La entidad consider\u00f3 que las propuestas elevadas no solucionan los problemas actuales ni estructurales del sector<\/em><\/strong><!--more--><\/p>\n<p>Coninagro anunci\u00f3 que se retira de la mesa t\u00e9cnica-pol\u00edtica convocada por la Secretar\u00eda de Comercio Interior, la Secretaria de Pol\u00edtica Institucional y Emergencia y por la Subsecretaria de lecher\u00eda, \u201cal considerar que las propuestas elevadas no solucionan los problemas actuales ni estructurales de la lecher\u00eda\u201d.<\/p>\n<p>\u201cEntendemos que el desdoblamiento del mercado interno y de exportaci\u00f3n no sirve ni funciona si pensamos en una lecher\u00eda competitiva, pujante y a la vanguardia en la producci\u00f3n. Tampoco consideramos ni oportuno ni efectivo implementar un sistema de estabilizaci\u00f3n de precios como el que ya fuera implementado a partir de 2007, y que result\u00f3 altamente negativo para toda la cadena l\u00e1ctea\u201d, se\u00f1al\u00f3 la entidad.<\/p>\n<p>\u201cPor otro lado nos preocupa que la soluci\u00f3n a la sobreoferta de stock, sea sobre abastecer el mercado interno que lo \u00fanico que provocar\u00e1 es una ca\u00edda en el precio que recibe hoy el productor tambero\u201d, indic\u00f3 Coninagro.<\/p>\n<p>\u201cVenimos sosteniendo desde hace a\u00f1os que es necesario un cambio en la pol\u00edtica lechera, que contemple un sistema de comercializaci\u00f3n transparente donde no se perjudique ni al productor ni al consumidor, que complemente las exportaciones con el mercado interno y estimule y favorezca la inversi\u00f3n en todos los eslabones\u201d, agreg\u00f3 la entidad.<\/p>\n<p>\u201cOtra pol\u00edtica lechera debe surgir del consenso y de la articulaci\u00f3n de la cadena, donde todos los actores participen (industria, producci\u00f3n y estado) en pos de alcanzar los acuerdos y las soluciones que le permitan a la lecher\u00eda argentina recuperar su protagonismo\u201d, concluy\u00f3 Coninagro.<br \/>\nhttp:\/\/infocampo.com.ar<\/p>\n","protected":false},"excerpt":{"rendered":"<p>La entidad consider\u00f3 que las propuestas elevadas no solucionan los problemas actuales ni estructurales del sector<\/p>\n","protected":false},"author":5,"featured_media":0,"comment_status":"open","ping_status":"open","sticky":false,"template":"","format":"standard","meta":[],"categories":[42],"tags":[2204,2268],"_links":{"self":[{"href":"http:\/\/rurallascolonias.com.ar\/index.php?rest_route=\/wp\/v2\/posts\/7928"}],"collection":[{"href":"http:\/\/rurallascolonias.com.ar\/index.php?rest_route=\/wp\/v2\/posts"}],"about":[{"href":"http:\/\/rurallascolonias.com.ar\/index.php?rest_route=\/wp\/v2\/types\/post"}],"author":[{"embeddable":true,"href":"http:\/\/rurallascolonias.com.ar\/index.php?rest_route=\/wp\/v2\/users\/5"}],"replies":[{"embeddable":true,"href":"http:\/\/rurallascolonias.com.ar\/index.php?rest_route=%2Fwp%2Fv2%2Fcomments&post=7928"}],"version-history":[{"count":1,"href":"http:\/\/rurallascolonias.com.ar\/index.php?rest_route=\/wp\/v2\/posts\/7928\/revisions"}],"predecessor-version":[{"id":7930,"href":"http:\/\/rurallascolonias.com.ar\/index.php?rest_route=\/wp\/v2\/posts\/7928\/revisions\/7930"}],"wp:attachment":[{"href":"http:\/\/rurallascolonias.com.ar\/index.php?rest_route=%2Fwp%2Fv2%2Fmedia&parent=7928"}],"wp:term":[{"taxonomy":"category","embeddable":true,"href":"http:\/\/rurallascolonias.com.ar\/index.php?rest_route=%2Fwp%2Fv2%2Fcategories&post=7928"},{"taxonomy":"post_tag","embeddable":true,"href":"http:\/\/rurallascolonias.com.ar\/index.php?rest_route=%2Fwp%2Fv2%2Ftags&post=7928"}],"curies":[{"name":"wp","href":"https:\/\/api.w.org\/{rel}","templated":true}]}}