{"id":7918,"date":"2015-08-27T16:39:21","date_gmt":"2015-08-27T16:39:21","guid":{"rendered":"http:\/\/rurallascolonias.com.ar\/?p=7918"},"modified":"2015-08-27T16:39:21","modified_gmt":"2015-08-27T16:39:21","slug":"en-el-cuarto-dia-de-paro-la-mesa-de-enlace-se-reune-en-tucuman","status":"publish","type":"post","link":"http:\/\/rurallascolonias.com.ar\/?p=7918","title":{"rendered":"En el cuarto d\u00eda de paro, la Mesa de Enlace se re\u00fane en Tucum\u00e1n"},"content":{"rendered":"<div class=\"description\"><em><strong><a href=\"http:\/\/rurallascolonias.com.ar\/wp-content\/uploads\/2015\/08\/Mesa-de-Enlace-6.jpg\"><img loading=\"lazy\" class=\"aligncenter size-full wp-image-7732\" src=\"http:\/\/rurallascolonias.com.ar\/wp-content\/uploads\/2015\/08\/Mesa-de-Enlace-6.jpg\" alt=\"Mesa de Enlace 6\" width=\"337\" height=\"149\" srcset=\"http:\/\/rurallascolonias.com.ar\/wp-content\/uploads\/2015\/08\/Mesa-de-Enlace-6.jpg 337w, http:\/\/rurallascolonias.com.ar\/wp-content\/uploads\/2015\/08\/Mesa-de-Enlace-6-300x133.jpg 300w\" sizes=\"(max-width: 337px) 100vw, 337px\" \/><\/a>Luis Miguel Etchevehere (SRA) y Miguel Ferrero (CRA) encabezar\u00e1n una protesta en el lago Piedras Moras, Almafuerte, y luego se trasladar\u00e1n<\/strong><\/em><\/div>\n<p><!--more--><\/p>\n<div class=\"authorinfo\"><\/div>\n<div class=\"vsmcontent\">\n<p>\u00a0En el marco de la medida de fuerza del sector agropecuario, que contempla un cese de comercializaci\u00f3n, dirigentes de la Mesa de Enlace nacional encabezar\u00e1n en las primeras horas de este jueves una asamblea en la localidad de Almafuerte.<br \/>\nSer\u00e1 el primer punto de concentraci\u00f3n en una jornada que incluir\u00e1 otras manifestaciones en el norte del pa\u00eds, con la presencia de los referentes de las entidades ruralistas.<br \/>\nA las 9 de la ma\u00f1ana se producir\u00e1 el encuentro en el piquete instalado frente al lago Piedras Moras, comunic\u00f3 la Confederaci\u00f3n de Asociaciones Rurales de la Tercera Zona (Cartez). Estar\u00e1n all\u00ed el titular de la Sociedad Rural (SRA), Luis Miguel Etchevehere, y de Confederaciones Rurales (CRA), Rub\u00e9n Ferrero. En tanto, Coninagro ser\u00e1 representada por el presidente a nivel provincial, Marco Antonio Giraudo.<\/p>\n<p>En la oportunidad se intercambiar\u00e1n opiniones sobre la evoluci\u00f3n de la acci\u00f3n gremial, que este jueves cumplir\u00e1 la cuarta jornada. Posteriormente, los dirigentes se trasladar\u00e1n a Tucum\u00e1n y Salta, donde encabezar\u00e1n asambleas para analizar la situaci\u00f3n del sector.<\/p><\/div>\n<div class=\"vsmcontent\"><\/div>\n<div class=\"vsmcontent\">Fuente: <a title=\"Edici\u00f3n Rural\" href=\"http:\/\/www.edicionrural.com\/\">Edici\u00f3n Rural<\/a><\/div>\n","protected":false},"excerpt":{"rendered":"<p>Luis Miguel Etchevehere (SRA) y Miguel Ferrero (CRA) encabezar\u00e1n una protesta en el lago Piedras Moras, Almafuerte, y luego se trasladar\u00e1n<\/p>\n","protected":false},"author":5,"featured_media":0,"comment_status":"open","ping_status":"open","sticky":false,"template":"","format":"standard","meta":[],"categories":[42],"tags":[34,1031],"_links":{"self":[{"href":"http:\/\/rurallascolonias.com.ar\/index.php?rest_route=\/wp\/v2\/posts\/7918"}],"collection":[{"href":"http:\/\/rurallascolonias.com.ar\/index.php?rest_route=\/wp\/v2\/posts"}],"about":[{"href":"http:\/\/rurallascolonias.com.ar\/index.php?rest_route=\/wp\/v2\/types\/post"}],"author":[{"embeddable":true,"href":"http:\/\/rurallascolonias.com.ar\/index.php?rest_route=\/wp\/v2\/users\/5"}],"replies":[{"embeddable":true,"href":"http:\/\/rurallascolonias.com.ar\/index.php?rest_route=%2Fwp%2Fv2%2Fcomments&post=7918"}],"version-history":[{"count":1,"href":"http:\/\/rurallascolonias.com.ar\/index.php?rest_route=\/wp\/v2\/posts\/7918\/revisions"}],"predecessor-version":[{"id":7919,"href":"http:\/\/rurallascolonias.com.ar\/index.php?rest_route=\/wp\/v2\/posts\/7918\/revisions\/7919"}],"wp:attachment":[{"href":"http:\/\/rurallascolonias.com.ar\/index.php?rest_route=%2Fwp%2Fv2%2Fmedia&parent=7918"}],"wp:term":[{"taxonomy":"category","embeddable":true,"href":"http:\/\/rurallascolonias.com.ar\/index.php?rest_route=%2Fwp%2Fv2%2Fcategories&post=7918"},{"taxonomy":"post_tag","embeddable":true,"href":"http:\/\/rurallascolonias.com.ar\/index.php?rest_route=%2Fwp%2Fv2%2Ftags&post=7918"}],"curies":[{"name":"wp","href":"https:\/\/api.w.org\/{rel}","templated":true}]}}