{"id":7902,"date":"2015-08-26T16:49:16","date_gmt":"2015-08-26T16:49:16","guid":{"rendered":"http:\/\/rurallascolonias.com.ar\/?p=7902"},"modified":"2015-08-26T16:49:16","modified_gmt":"2015-08-26T16:49:16","slug":"paro-advierten-que-la-crisis-del-agro-se-contagia-al-resto-de-las-economias-del-interior","status":"publish","type":"post","link":"http:\/\/rurallascolonias.com.ar\/?p=7902","title":{"rendered":"PARO: Advierten que la crisis del agro se contagia al resto de las econom\u00edas del interior"},"content":{"rendered":"<p><strong><em><a href=\"http:\/\/rurallascolonias.com.ar\/wp-content\/uploads\/2015\/08\/paro-del-campo-5.jpg\"><img loading=\"lazy\" class=\"aligncenter wp-image-7903 size-medium\" src=\"http:\/\/rurallascolonias.com.ar\/wp-content\/uploads\/2015\/08\/paro-del-campo-5-300x155.jpg\" alt=\"paro del campo 5\" width=\"300\" height=\"155\" srcset=\"http:\/\/rurallascolonias.com.ar\/wp-content\/uploads\/2015\/08\/paro-del-campo-5-300x155.jpg 300w, http:\/\/rurallascolonias.com.ar\/wp-content\/uploads\/2015\/08\/paro-del-campo-5-600x310.jpg 600w, http:\/\/rurallascolonias.com.ar\/wp-content\/uploads\/2015\/08\/paro-del-campo-5-624x323.jpg 624w, http:\/\/rurallascolonias.com.ar\/wp-content\/uploads\/2015\/08\/paro-del-campo-5.jpg 648w\" sizes=\"(max-width: 300px) 100vw, 300px\" \/><\/a>La ca\u00edda de rentabilidad de la agricultura, por la baja de precios, la elevada presi\u00f3n impositiva y las trabas al comercio de trigo y de ma\u00edz afecta el movimiento econ\u00f3mico de las ciudades del interior<\/em><\/strong><!--more--><\/p>\n<div class=\"vsmcontent\">\n<p>En el segundo d\u00eda del cese de comercializaci\u00f3n de productos del agro, los dirigentes rurales advirtieron que la crisis que vive el campo se contagia al resto de los sectores econ\u00f3micos en el interior.<\/p>\n<p>\u00abEn Entre R\u00edos, se form\u00f3 una multisectorial para pedir que se resuelvan los problemas que vive la comunidad y en el NOA el comercio y la industria tambi\u00e9n est\u00e1n muy preocupados\u00bb, dijo el presidente de la Sociedad Rural Argentina (SRA), Luis Miguel Etchevehere. \u00abAs\u00ed, la producci\u00f3n no va m\u00e1s\u00bb, a\u00f1adi\u00f3 el dirigente.<\/p>\n<p>La ca\u00edda de rentabilidad de la agricultura, por la baja de precios, la elevada presi\u00f3n impositiva y las trabas al comercio de trigo y de ma\u00edz afecta el movimiento econ\u00f3mico de las ciudades del interior. Seg\u00fan una estimaci\u00f3n del Movimiento CREA, m\u00e1s de 77% del gasto y de la inversi\u00f3n de las actividades agropecuarias se localiza en los lugares donde se desarrolla la producci\u00f3n.<\/p>\n<p>Para Rub\u00e9n Ferrero, presidente de Confederaciones Rurales Argentinas (CRA), con la crisis del agro \u00abest\u00e1 en juego la econom\u00eda del pa\u00eds\u00bb no s\u00f3lo la del sector. Por ese motivo, el dirigente opin\u00f3 que el Gobierno deber\u00eda adoptar \u00absoluciones pol\u00edticas y econ\u00f3micas\u00bb para resolver la crisis de la actividad.<\/p>\n<p>Etchevehere, en tanto, se lament\u00f3 de que ninguno de los tres ministros de Agricultura que tuvo el kirchnerismo -Juli\u00e1n Dom\u00ednguez, Norberto Yauhar y ahora Carlos Casamiquela- haya recibido en una mesa de trabajo a las entidades rurales.<\/p>\n<p>Otra voz que se sum\u00f3 a la medida de fuerza impulsada por CRA, la SRA y Coninagro, y a la preocupaci\u00f3n por la crisis del campo fue la Bolsa de Cereales de C\u00f3rdoba que, en un comunicado, advirti\u00f3 ayer que es \u00abapremiante la situaci\u00f3n de la cadena agroindustrial\u00bb.<\/p>\n<p>La entidad enumer\u00f3, entre otros problemas, \u00abla distorsi\u00f3n de los precios relativos, el aumento inexplicable de los combustibles, la intervenci\u00f3n de los mercados con su discrecional entrega de ROE y la asfixiante pol\u00edtica tributaria basadas en impuestos distorsivos tales como derechos de exportaciones, impuestos a los d\u00e9bitos bancarios e IVA con al\u00edcuotas diferenciadas\u00bb.<\/p>\n<p>La medida de fuerza, en tanto, comenz\u00f3 ayer a tener impacto en el Mercado de Hacienda de Liniers con el ingreso de apenas 666 vacunos, cuando en una jornada normal los martes entran unas 9000 cabezas.<\/p>\n<p>Mientras tanto, siguen las concentraciones de productores en Chaco, C\u00f3rdoba y entre R\u00edos. Ma\u00f1ana, Etchevehere, Ferrero y Marcos Giraudo, de Coninagro, participar\u00e1n por la ma\u00f1ana en una asamblea de productores en Piedras Moras, C\u00f3rdoba, y por la tarde en una movilizaci\u00f3n en Simoca, Tucum\u00e1n.<\/p>\n<p>El cierre ser\u00e1 el jueves pr\u00f3ximo, en Salta, frente al Monumento a G\u00fcemes.<\/p>\n<\/div>\n<div class=\"copyright\">\n<div class=\"author\">La Naci\u00f3n<\/div>\n<\/div>\n","protected":false},"excerpt":{"rendered":"<p>La ca\u00edda de rentabilidad de la agricultura, por la baja de precios, la elevada presi\u00f3n impositiva y las trabas al comercio de trigo y de ma\u00edz afecta el movimiento econ\u00f3mico de las ciudades del interior<\/p>\n","protected":false},"author":5,"featured_media":0,"comment_status":"open","ping_status":"open","sticky":false,"template":"","format":"standard","meta":[],"categories":[42],"tags":[2264,1031],"_links":{"self":[{"href":"http:\/\/rurallascolonias.com.ar\/index.php?rest_route=\/wp\/v2\/posts\/7902"}],"collection":[{"href":"http:\/\/rurallascolonias.com.ar\/index.php?rest_route=\/wp\/v2\/posts"}],"about":[{"href":"http:\/\/rurallascolonias.com.ar\/index.php?rest_route=\/wp\/v2\/types\/post"}],"author":[{"embeddable":true,"href":"http:\/\/rurallascolonias.com.ar\/index.php?rest_route=\/wp\/v2\/users\/5"}],"replies":[{"embeddable":true,"href":"http:\/\/rurallascolonias.com.ar\/index.php?rest_route=%2Fwp%2Fv2%2Fcomments&post=7902"}],"version-history":[{"count":1,"href":"http:\/\/rurallascolonias.com.ar\/index.php?rest_route=\/wp\/v2\/posts\/7902\/revisions"}],"predecessor-version":[{"id":7904,"href":"http:\/\/rurallascolonias.com.ar\/index.php?rest_route=\/wp\/v2\/posts\/7902\/revisions\/7904"}],"wp:attachment":[{"href":"http:\/\/rurallascolonias.com.ar\/index.php?rest_route=%2Fwp%2Fv2%2Fmedia&parent=7902"}],"wp:term":[{"taxonomy":"category","embeddable":true,"href":"http:\/\/rurallascolonias.com.ar\/index.php?rest_route=%2Fwp%2Fv2%2Fcategories&post=7902"},{"taxonomy":"post_tag","embeddable":true,"href":"http:\/\/rurallascolonias.com.ar\/index.php?rest_route=%2Fwp%2Fv2%2Ftags&post=7902"}],"curies":[{"name":"wp","href":"https:\/\/api.w.org\/{rel}","templated":true}]}}