{"id":7899,"date":"2015-08-26T16:41:56","date_gmt":"2015-08-26T16:41:56","guid":{"rendered":"http:\/\/rurallascolonias.com.ar\/?p=7899"},"modified":"2015-08-26T16:41:56","modified_gmt":"2015-08-26T16:41:56","slug":"crece-la-adhesion-al-paro-del-campo","status":"publish","type":"post","link":"http:\/\/rurallascolonias.com.ar\/?p=7899","title":{"rendered":"Crece la adhesi\u00f3n al paro del campo"},"content":{"rendered":"<p><a href=\"http:\/\/rurallascolonias.com.ar\/wp-content\/uploads\/2015\/08\/paro-del-campo-4.jpg\"><img loading=\"lazy\" class=\"aligncenter size-full wp-image-7900\" src=\"http:\/\/rurallascolonias.com.ar\/wp-content\/uploads\/2015\/08\/paro-del-campo-4.jpg\" alt=\"paro del campo 4\" width=\"295\" height=\"171\" \/><\/a>Los mercados de granos y el de hacienda de Liniers registraron muy poca operatoria ayer<\/p>\n<p><!--more--><\/p>\n<p>El segundo d\u00eda del lock out dispuesto por Coninagro, Sociedad Rural y Confederaciones Rurales hasta el pr\u00f3ximo viernes, present\u00f3 ayer un alto nivel de adhesi\u00f3n en los mercados de granos y de hacienda de Liniers, y apenas el tr\u00e1nsito de unos pocos camiones en algunas zonas del Interior.<\/p>\n<p>En la Bolsa de Comercio de Rosario, por segundo d\u00eda consecutivo no se registraron operaciones comerciales en el recinto, con una rueda sin precios ofrecidos por parte de los compradores habituales, de acuerdo a lo informado por esta entidad.<\/p>\n<p>Por su parte, la plataforma Sio Granos tambi\u00e9n exhibi\u00f3 una fuerte contracci\u00f3n en las operaciones. Con un volumen de granos de 45 mil toneladas concertadas, principalmente de soja, trigo y ma\u00edz, se certific\u00f3 una merma del 82% respecto a las 250 mil toneladas vendidas el pasado viernes.<\/p>\n<p>En tanto, al Mercado de Liniers apenas ingresaron 21 camiones con un total de 663 animales, cifra que es un 86% inferior a los ingresos registrados en los corrales de Mataderos hace una semana y un 92% menor a los de hace quince d\u00edas. Las primeras cifras de hoy hablan de la llegada de 51 camiones con 1.938 animales.<\/p>\n<p>Seg\u00fan indic\u00f3 ayer el presidente de la Sociedad Rural, Luis Miguel Etchevehere, \u201cla medida empez\u00f3 de acuerdo con lo previsto, con reuniones de productores manifest\u00e1ndose: la situaci\u00f3n es insostenible\u201c. \u201cEl Gobierno ha tenido la rara habilidad de perjudicar a todos los productores del pa\u00eds\u201d, agreg\u00f3 en declaraciones radiales.<\/p>\n<p>Baj\u00f3 el tr\u00e1nsito de camiones<\/p>\n<p>El parate dispuesto por el campo para la compraventa de granos y hacienda tuvo su impacto, durante la segunda jornada, en el tr\u00e1nsito de camiones realizado en el \u00e1rea del Gran Rosario, Entre R\u00edos, Necochea y Bah\u00eda Blanca, donde apenas se movieron un total de 1.663 veh\u00edculos con granos.<\/p>\n<p>Esta cifra fue un 23% inferior a la registrada en la \u00faltima semana, un 42% menor a la de hace quince d\u00edas y 61% m\u00e1s baja con respecto a los tr\u00e1nsitos realizados hace un mes.<\/p>\n<p>S\u00f3lo en el \u00e1rea del Gran Rosario, apenas se movieron un total de 1.074 camiones, seg\u00fan indicaron fuentes del mercado, cifra que es 67% inferior a los 3.285 veh\u00edculos relevados el lunes.<\/p>\n<p>El paro en el Interior<\/p>\n<p>En Entre R\u00edos, ruralistas realizaron ayer controles de cargas, apoyados por sectores camioneros, en el cruce de las rutas 127 y 32, al norte de Paran\u00e1, con el objetivo de hacer efectivo el paro dispuesto hasta el viernes.<\/p>\n<p>El Comit\u00e9 de Crisis de Entre R\u00edos, conformado por unas 16 entidades provinciales, busca que el cese dispuesto \u201csea contundente\u201d y por ello se dispuso realizar controles en las rutas con el apoyo del sector camionero, el Centro de Acopiadores y Exportadores y de la Bolsa de Cereales entrerriana, seg\u00fan inform\u00f3 el titular de la Asociaci\u00f3n de Entidades Rurales de Entre R\u00edos (FARER), Jorge Chemes.<\/p>\n<p>En tanto, para el jueves se planificaron concentraciones desde las 8:30 en cruce de las rutas 6 y 39, en el centro de la provincia de Entre R\u00edos, y a las 10 habr\u00e1 un \u201ccamionetazo\u201d desde el kil\u00f3metro 53 de la ruta nacional 14, en Gualeguaych\u00fa, hasta Ceibas, en el cruce con la ruta nacional 12. Y el viernes un grupo de productores permanecer\u00e1 desde media ma\u00f1ana en el cruce de rutas 12 y 8, en inmediaciones de Cerrito, donde protestar\u00e1n por la situaci\u00f3n de lecheros.<\/p>\n<p>Por su parte, Ignacio Pisani, titular de la Asociaci\u00f3n Prograno de Salta, asegur\u00f3 que \u201cel paro es un \u00e9xito\u201d pese a los <a href=\"http:\/\/supercampo.perfil.com\/2015\/08\/segundo-dia-de-paro-del-campo\/\" target=\"_blank\">movimientos de granos registrados el lunes en terminales portuarias rosarinas y el movimiento de cabezas registrado en Liniers.<\/a><\/p>\n<p>Tras ratificar el acampe en Campo La Cruz y el acto programado en el Monumento a G\u00fcemes en la capital salte\u00f1a, Ignacio Lupi\u00f3n, titular de la Sociedad Rural de Salta, ofreci\u00f3 detalles del evento que tendr\u00e1 lugar al mediod\u00eda del pr\u00f3ximo viernes, en el que se recibir\u00e1 a dirigentes del ruralismo nacional y productores de las provincias vecinas para reclamar un cambio en la pol\u00edtica agropecuaria nacional.<\/p>\n<p>FUENTE: DyN<\/p>\n","protected":false},"excerpt":{"rendered":"<p>Los mercados de granos y el de hacienda de Liniers registraron muy poca operatoria ayer<\/p>\n","protected":false},"author":5,"featured_media":0,"comment_status":"open","ping_status":"open","sticky":false,"template":"","format":"standard","meta":[],"categories":[42],"tags":[1031],"_links":{"self":[{"href":"http:\/\/rurallascolonias.com.ar\/index.php?rest_route=\/wp\/v2\/posts\/7899"}],"collection":[{"href":"http:\/\/rurallascolonias.com.ar\/index.php?rest_route=\/wp\/v2\/posts"}],"about":[{"href":"http:\/\/rurallascolonias.com.ar\/index.php?rest_route=\/wp\/v2\/types\/post"}],"author":[{"embeddable":true,"href":"http:\/\/rurallascolonias.com.ar\/index.php?rest_route=\/wp\/v2\/users\/5"}],"replies":[{"embeddable":true,"href":"http:\/\/rurallascolonias.com.ar\/index.php?rest_route=%2Fwp%2Fv2%2Fcomments&post=7899"}],"version-history":[{"count":1,"href":"http:\/\/rurallascolonias.com.ar\/index.php?rest_route=\/wp\/v2\/posts\/7899\/revisions"}],"predecessor-version":[{"id":7901,"href":"http:\/\/rurallascolonias.com.ar\/index.php?rest_route=\/wp\/v2\/posts\/7899\/revisions\/7901"}],"wp:attachment":[{"href":"http:\/\/rurallascolonias.com.ar\/index.php?rest_route=%2Fwp%2Fv2%2Fmedia&parent=7899"}],"wp:term":[{"taxonomy":"category","embeddable":true,"href":"http:\/\/rurallascolonias.com.ar\/index.php?rest_route=%2Fwp%2Fv2%2Fcategories&post=7899"},{"taxonomy":"post_tag","embeddable":true,"href":"http:\/\/rurallascolonias.com.ar\/index.php?rest_route=%2Fwp%2Fv2%2Ftags&post=7899"}],"curies":[{"name":"wp","href":"https:\/\/api.w.org\/{rel}","templated":true}]}}