{"id":783,"date":"2014-01-06T11:36:34","date_gmt":"2014-01-06T11:36:34","guid":{"rendered":"http:\/\/rurallascolonias.com.ar\/?p=783"},"modified":"2014-01-06T11:36:34","modified_gmt":"2014-01-06T11:36:34","slug":"la-mesa-de-enlace-se-reune","status":"publish","type":"post","link":"http:\/\/rurallascolonias.com.ar\/?p=783","title":{"rendered":"LA MESA DE ENLACE SE RE\u00daNE"},"content":{"rendered":"<p style=\"text-align: center;\"><a href=\"http:\/\/rurallascolonias.com.ar\/wp-content\/uploads\/2014\/01\/MESA-DE-ENLACE.jpg\"><img loading=\"lazy\" class=\"aligncenter  wp-image-784\" alt=\"MESA DE ENLACE\" src=\"http:\/\/rurallascolonias.com.ar\/wp-content\/uploads\/2014\/01\/MESA-DE-ENLACE.jpg\" width=\"389\" height=\"201\" srcset=\"http:\/\/rurallascolonias.com.ar\/wp-content\/uploads\/2014\/01\/MESA-DE-ENLACE.jpg 648w, http:\/\/rurallascolonias.com.ar\/wp-content\/uploads\/2014\/01\/MESA-DE-ENLACE-300x155.jpg 300w, http:\/\/rurallascolonias.com.ar\/wp-content\/uploads\/2014\/01\/MESA-DE-ENLACE-600x310.jpg 600w, http:\/\/rurallascolonias.com.ar\/wp-content\/uploads\/2014\/01\/MESA-DE-ENLACE-624x322.jpg 624w\" sizes=\"(max-width: 389px) 100vw, 389px\" \/><\/a>Alejandro \u00abTopo\u00bb Rodr\u00edguez, confirm\u00f3 que se reunir\u00e1 ma\u00f1ana con las cuatro entidades para \u00abiniciar una nueva etapa de di\u00e1logo\u00bb con el sector, tras la salida de Gustavo Arrieta de la cartera<!--more--><\/p>\n<p>En medio del reclamo de la Mesa de Enlace por la resistencia del Gobierno nacional a recibirlas, el ministro de Asuntos Agrarios bonaerense, Alejandro \u00abTopo\u00bb Rodr\u00edguez, confirm\u00f3 que se reunir\u00e1 ma\u00f1ana con las cuatro entidades para \u00abiniciar una nueva etapa de di\u00e1logo\u00bb con el sector, tras la salida de Gustavo Arrieta de la cartera.<\/p>\n<p>De todos modos, la Mesa de Enlace se reunir\u00e1 tambi\u00e9n ma\u00f1ana para analizar medidas que se van a tomar, seg\u00fan afirm\u00f3 en declaraciones radiales el titular de la Federaci\u00f3n Agraria Argentina (FAA), Eduardo Buzzi. Seg\u00fan se quej\u00f3, la Mesa de Enlace no recibi\u00f3 ni \u00abun solo gesto del Gobierno\u00bb, a pesar de que le \u00abtiran centros a lo Rom\u00e1n Riquelme\u00bb, al tiempo que se\u00f1al\u00f3 que desde el Gobierno \u00abeligen otros interlocutores\u00bb.<\/p>\n<p>El dirigente agrario consider\u00f3 que \u00abde la misma manera que la CTA de Pablo Micheli o la CGT de Hugo Moyano no son convocadas\u00bb, el Gobierno tampoco llama a la Comisi\u00f3n de Enlace del campo. \u00abSi empiezan a haber asambleas de productores o malestar, no nos echen la culpa a nosotros, hace tres meses que estamos tirando centros a lo Rom\u00e1n Riquelme\u00bb, enfatiz\u00f3.<\/p>\n<p>Buzzi confirm\u00f3 que por su parte envi\u00f3 notas e hizo llamados para que el jefe de Gabinete, Jorge Capitanich, convocara al sector a un encuentro. \u00abEn 2008, durante el conflicto, era el jefe de Gabinete el que convocaba a las partes, por eso nos hemos dirigido a Capitanich\u00bb, dijo.<\/p>\n<p>El titular de la FAA volvi\u00f3 a cuestionar adem\u00e1s una resoluci\u00f3n del Banco Naci\u00f3n que reduce el financiamiento a los productores de soja. Se quej\u00f3 de que el Gobierno \u00abcierra la canilla de financiamiento a los productores sojeros creyendo que con eso van a vender m\u00e1s la soja\u00bb y consider\u00f3 que la medida es \u00abde una discrecionalidad aberrante\u00bb. En ese sentido, la Mesa de Enlace manifest\u00f3 \u00absu m\u00e1s absoluto rechazo a la Resoluci\u00f3n 4762 y Circular 1780\/13 del Banco de la Naci\u00f3n Argentina (BNA) que reduce el financiamiento para los productores de soja, en una medida claramente discriminatoria hacia el campo y que perjudica especialmente a los productores m\u00e1s chicos, que necesitan un financiamiento genuino para poder seguir produciendo\u00bb.<\/p>\n<div>\n<div>\u00c1mbito Financiero<\/div>\n<\/div>\n<div><\/div>\n","protected":false},"excerpt":{"rendered":"<p>Alejandro \u00abTopo\u00bb Rodr\u00edguez, confirm\u00f3 que se reunir\u00e1 ma\u00f1ana con las cuatro entidades para \u00abiniciar una nueva etapa de di\u00e1logo\u00bb con el sector, tras la salida de Gustavo Arrieta de la cartera<\/p>\n","protected":false},"author":5,"featured_media":0,"comment_status":"closed","ping_status":"closed","sticky":false,"template":"","format":"standard","meta":[],"categories":[33],"tags":[],"_links":{"self":[{"href":"http:\/\/rurallascolonias.com.ar\/index.php?rest_route=\/wp\/v2\/posts\/783"}],"collection":[{"href":"http:\/\/rurallascolonias.com.ar\/index.php?rest_route=\/wp\/v2\/posts"}],"about":[{"href":"http:\/\/rurallascolonias.com.ar\/index.php?rest_route=\/wp\/v2\/types\/post"}],"author":[{"embeddable":true,"href":"http:\/\/rurallascolonias.com.ar\/index.php?rest_route=\/wp\/v2\/users\/5"}],"replies":[{"embeddable":true,"href":"http:\/\/rurallascolonias.com.ar\/index.php?rest_route=%2Fwp%2Fv2%2Fcomments&post=783"}],"version-history":[{"count":1,"href":"http:\/\/rurallascolonias.com.ar\/index.php?rest_route=\/wp\/v2\/posts\/783\/revisions"}],"predecessor-version":[{"id":785,"href":"http:\/\/rurallascolonias.com.ar\/index.php?rest_route=\/wp\/v2\/posts\/783\/revisions\/785"}],"wp:attachment":[{"href":"http:\/\/rurallascolonias.com.ar\/index.php?rest_route=%2Fwp%2Fv2%2Fmedia&parent=783"}],"wp:term":[{"taxonomy":"category","embeddable":true,"href":"http:\/\/rurallascolonias.com.ar\/index.php?rest_route=%2Fwp%2Fv2%2Fcategories&post=783"},{"taxonomy":"post_tag","embeddable":true,"href":"http:\/\/rurallascolonias.com.ar\/index.php?rest_route=%2Fwp%2Fv2%2Ftags&post=783"}],"curies":[{"name":"wp","href":"https:\/\/api.w.org\/{rel}","templated":true}]}}