{"id":7829,"date":"2015-08-21T16:30:27","date_gmt":"2015-08-21T16:30:27","guid":{"rendered":"http:\/\/rurallascolonias.com.ar\/?p=7829"},"modified":"2015-08-21T16:30:27","modified_gmt":"2015-08-21T16:30:27","slug":"cambio-climatico-hay-que-estar-preparados","status":"publish","type":"post","link":"http:\/\/rurallascolonias.com.ar\/?p=7829","title":{"rendered":"Cambio clim\u00e1tico: hay que estar preparados"},"content":{"rendered":"<p><strong><em>Detalles de un fen\u00f3meno que se instala en la Argentina<\/em><\/strong><\/p>\n<p><a href=\"http:\/\/rurallascolonias.com.ar\/wp-content\/uploads\/2015\/08\/cambio-clim\u00e1tico.jpg\"><img loading=\"lazy\" class=\"aligncenter size-full wp-image-7830\" src=\"http:\/\/rurallascolonias.com.ar\/wp-content\/uploads\/2015\/08\/cambio-clim\u00e1tico.jpg\" alt=\"cambio clim\u00e1tico\" width=\"305\" height=\"165\" srcset=\"http:\/\/rurallascolonias.com.ar\/wp-content\/uploads\/2015\/08\/cambio-clim\u00e1tico.jpg 305w, http:\/\/rurallascolonias.com.ar\/wp-content\/uploads\/2015\/08\/cambio-clim\u00e1tico-300x162.jpg 300w\" sizes=\"(max-width: 305px) 100vw, 305px\" \/><\/a>Hay que estar alertas, las anomal\u00edas ser\u00e1n recurrentes<\/p>\n<p>Tras las lluvias de los \u00faltimos d\u00edas, el Dr. Jos\u00e9 Luis Aiello plantea en qu\u00e9 escenario estamos parados y cu\u00e1les son las circunstancias para las que hay que prepararse.<!--more--><\/p>\n<p>\u201cEstamos en una situaci\u00f3n muy delicada por eso hay que estar preparados para estos fen\u00f3menos porque ser\u00e1n recurrentes en el futuro. El cambio clim\u00e1tico est\u00e1 impactando en Argentina\u201d, sostuvo el especialista.<\/p>\n<p>\u201cLos impactos son recurrentes y est\u00e1n medidos desde la \u00faltima d\u00e9cada. Provocan anomal\u00edas de lluvias, pulsos de frio y calor e inestabilidades de los fen\u00f3menos din\u00e1micos atmosf\u00e9ricos. Lo que ocurri\u00f3 la \u00faltima semana es consecuencia de dicha inestabilidad. Se tradujo esta vez en un continuo flujo de humedad atmosf\u00e9rica en todos los niveles por la acci\u00f3n de un sistema anticicl\u00f3nico que se instal\u00f3 en las costas del Atl\u00e1ntico Sur. A eso se le sum\u00f3 un sistema estacionario y el resultado fueron estos episodios de lluvias\u201d, aclar\u00f3.<\/p>\n<p><b>\u201cEstas lluvias no son por el Ni\u00f1o\u201d<\/b><\/p>\n<p>Para el especialista lo que pas\u00f3 en la \u00faltima semana \u201cno tiene ninguna relaci\u00f3n con el Pac\u00edfico, donde se est\u00e1 desarrollando un Ni\u00f1o que ser\u00e1 de moderada intensidad. Se hizo circular la noticia del Ni\u00f1o \u201ccomo responsable de estas lluvias\u201d y de alarmar con la aparici\u00f3n de un Ni\u00f1o muy fuerte que afectar\u00e1 a Argentina en los pr\u00f3ximos meses. Esto no es as\u00ed\u201d<\/p>\n<p>La NOAA (National Oceanic and Atmospheric Administration) muestra un calentamiento de dos grados (+2) y si vemos los Ni\u00f1os m\u00e1s fuertes, las anomal\u00edas estuvieron por encima de los 4 (grados).<\/p>\n<p>\u201cEl Ni\u00f1o que se viene no necesariamente ser\u00e1 de intensidad fuerte; adem\u00e1s, la anomal\u00eda t\u00e9rmica no ser\u00e1 record (por ejemplo, si la comparamos con la de 1997\/98). El efecto depender\u00e1 de otras variables como la intensidad de vientos desde el oeste en el Pacifico, la diferencia en la presi\u00f3n a nivel del mar entre Tahit\u00ed y Darwin, la emisi\u00f3n de onda larga, y otros considerados y variables que no son bien entendidas a\u00fan. Pero lo que s\u00ed sabemos es que el \u00edndice es hoy Ni\u00f1o y que est\u00e1 por debajo de otros en la serie hist\u00f3rica\u201d, aclar\u00f3 Aiello.<\/p>\n<p>Respecto al impacto para los productores \u201cel Ni\u00f1o es una buena noticia para los cultivos de verano. En Argentina el evento es favorable a un incremento en las lluvias que se dan de noviembre a marzo, al cual hay que acoplarle los fen\u00f3menos regiones de escalas m\u00e1s chicas de corta duraci\u00f3n y \u00e9stos no son pronosticables.Estos fen\u00f3menos regionales son afectados por el cambio clim\u00e1tico, y pueden incrementar o fortalecer los impactos del Ni\u00f1o\u201d, puntualiz\u00f3 el Doctor en Ciencias Meteorol\u00f3gicas de la Universidad de Buenos Aires.<\/p>\n<p><b>\u00bfC\u00f3mo repercute en la Patagonia?<\/b><\/p>\n<p>Para la regi\u00f3n de Patagonia Sur se observa una particular condici\u00f3n, ya que no solo se predice un aumento de temperatura sino tambi\u00e9n de precipitaci\u00f3n, condiciones a priori m\u00e1s favorables para la producci\u00f3n regional (mayor productividad en los pastizales y crecimiento en los \u00e1rboles). Sin embargo, ser\u00eda necesario incorporar estas variaciones en las condiciones clim\u00e1ticas en sub-modelos de balance h\u00eddrico del suelo para tener m\u00e1s certezas.<\/p>\n<p>En un estudio realizado por Gast\u00f3n Kreps, Guillermo Mart\u00ednez, Pablo Pastur y Luis Peri investigadores del Conicet subrayan que \u201cdesde un punto de vista de la producci\u00f3n agro-forestal, las condiciones para Patagonia Sur mejorar\u00edan. Sin embargo, en t\u00e9rmino de conservaci\u00f3n de las especies, se producir\u00edan cambios en los nichos ecol\u00f3gicos, al modificarse las comunidades cl\u00edmax. Esto podr\u00eda mejorar la situaci\u00f3n para algunas especies, pero para otras podr\u00eda ser perjudicial, por ejemplo, para aquellas especies de r\u00e9gimen predominantemente x\u00e9rico. Ya vimos entonces que el clima es una condici\u00f3n variable del planeta y que el mismo sufri\u00f3 cambios m\u00e1s dr\u00e1sticos en otras eras geol\u00f3gicas, produciendo importantes cambios en el ensamble de la biodiversidad regional\u201d. Para los especialistas no deja de ser importante y de prioridad en la regi\u00f3n, el desarrollar un modelo de manejo sustentable del pastizal y del bosque que considere estos cambios potenciales en el futuro. Actualmente son crecientes los estudios relacionados con las consecuencias sobre el impacto de eventos clim\u00e1ticos extremos sobre el ecosistema boscoso y pastizales.<\/p>\n<p>Fuente: GEA \u2013 Gu\u00eda Estrat\u00e9gica\/ INTA<\/p>\n","protected":false},"excerpt":{"rendered":"<p>Detalles de un fen\u00f3meno que se instala en la Argentina Hay que estar alertas, las anomal\u00edas ser\u00e1n recurrentes Tras las lluvias de los \u00faltimos d\u00edas, el Dr. Jos\u00e9 Luis Aiello plantea en qu\u00e9 escenario estamos parados y cu\u00e1les son las circunstancias para las que hay que prepararse.<\/p>\n","protected":false},"author":5,"featured_media":0,"comment_status":"open","ping_status":"open","sticky":false,"template":"","format":"standard","meta":[],"categories":[40],"tags":[139,2250],"_links":{"self":[{"href":"http:\/\/rurallascolonias.com.ar\/index.php?rest_route=\/wp\/v2\/posts\/7829"}],"collection":[{"href":"http:\/\/rurallascolonias.com.ar\/index.php?rest_route=\/wp\/v2\/posts"}],"about":[{"href":"http:\/\/rurallascolonias.com.ar\/index.php?rest_route=\/wp\/v2\/types\/post"}],"author":[{"embeddable":true,"href":"http:\/\/rurallascolonias.com.ar\/index.php?rest_route=\/wp\/v2\/users\/5"}],"replies":[{"embeddable":true,"href":"http:\/\/rurallascolonias.com.ar\/index.php?rest_route=%2Fwp%2Fv2%2Fcomments&post=7829"}],"version-history":[{"count":1,"href":"http:\/\/rurallascolonias.com.ar\/index.php?rest_route=\/wp\/v2\/posts\/7829\/revisions"}],"predecessor-version":[{"id":7831,"href":"http:\/\/rurallascolonias.com.ar\/index.php?rest_route=\/wp\/v2\/posts\/7829\/revisions\/7831"}],"wp:attachment":[{"href":"http:\/\/rurallascolonias.com.ar\/index.php?rest_route=%2Fwp%2Fv2%2Fmedia&parent=7829"}],"wp:term":[{"taxonomy":"category","embeddable":true,"href":"http:\/\/rurallascolonias.com.ar\/index.php?rest_route=%2Fwp%2Fv2%2Fcategories&post=7829"},{"taxonomy":"post_tag","embeddable":true,"href":"http:\/\/rurallascolonias.com.ar\/index.php?rest_route=%2Fwp%2Fv2%2Ftags&post=7829"}],"curies":[{"name":"wp","href":"https:\/\/api.w.org\/{rel}","templated":true}]}}