{"id":7825,"date":"2015-08-21T11:57:18","date_gmt":"2015-08-21T11:57:18","guid":{"rendered":"http:\/\/rurallascolonias.com.ar\/?p=7825"},"modified":"2015-08-21T11:57:18","modified_gmt":"2015-08-21T11:57:18","slug":"lecheria-el-conflicto-recien-comienza","status":"publish","type":"post","link":"http:\/\/rurallascolonias.com.ar\/?p=7825","title":{"rendered":"Lecher\u00eda: \u201cEl conflicto reci\u00e9n comienza\u201d"},"content":{"rendered":"<p><strong><em><a href=\"http:\/\/rurallascolonias.com.ar\/wp-content\/uploads\/2014\/09\/ALONSO.png\"><img loading=\"lazy\" class=\"alignleft size-full wp-image-4170\" src=\"http:\/\/rurallascolonias.com.ar\/wp-content\/uploads\/2014\/09\/ALONSO.png\" alt=\"ALONSO\" width=\"259\" height=\"194\" \/><\/a>El presidente de la Sociedad Rural Las Colonias, Jos\u00e9 Alonso, asegur\u00f3 que entre septiembre y noviembre \u201cse agravar\u00e1\u201d la situaci\u00f3n del sector lechero \u201cdebido al sobrante de leche que no se puede exportar y que agravar\u00e1 tambi\u00e9n la situaci\u00f3n de precios del mercado interno\u201d. Afirm\u00f3 que \u201choy ning\u00fan rubro del agro la est\u00e1 pasando bien\u201d y cuestion\u00f3 duramente la pasividad y la falta de respuestas de parte del gobierno nacional.<\/em><\/strong><!--more--><\/p>\n<p>Alonso afirm\u00f3 que \u201cel conflicto reci\u00e9n comienza porque la situaci\u00f3n de corto plazo de sobrante de leche se agravar\u00e1 mucho durante septiembre, octubre y noviembre\u201d. Al respecto, explic\u00f3 que \u201chay un sobrante de leche que no se puede exportar por una situaci\u00f3n de precios internacionales y eso agrava la situaci\u00f3n de precios del mercado interno\u201d.<\/p>\n<p>&nbsp;<\/p>\n<p>Ante ello, critic\u00f3 que \u201cel gobierno nacional no quiere tomar medidas, y ser\u00e1 muy triste si se llega a lo que se est\u00e1 vaticinando que son precios de alrededor de 2,40 \u2013 2,50 pesos el litro de leche, que es un 35 por ciento menos de lo que se cobraba hasta un mes atr\u00e1s\u201d.<\/p>\n<p>&nbsp;<\/p>\n<p>En cuanto a las posibles soluciones, el dirigente esperancino cuestion\u00f3 que \u201chay una pasividad muy grande del gobierno nacional y saben que va a ocurrir un problema pero no act\u00faa hasta ocurra\u201d. \u201cEs de esperar que el gobierno haga estas cosas; ya lo hicieron con el trigo que lo dejaron morir y este a\u00f1o solamente se sembrar\u00e1n cuatro millones de hect\u00e1reas contra siete que se sembraron en alg\u00fan momento, y si sucede lo mismo con la leche pareciera que no les importa\u201d, critic\u00f3.<\/p>\n<p>&nbsp;<\/p>\n<p>Sobre la situaci\u00f3n de otros sectores, explay\u00f3 que \u201cen general hasta ahora la ganader\u00eda de carne y la ganader\u00eda de leche la cuerpeaban algo, pero ahora se da la perspectiva de esta importante ca\u00edda de precios de la leche y tampoco la carne la est\u00e1 pasando bien, porque viene estancada desde hace un a\u00f1o con los mismos precios, con una inflaci\u00f3n importante y el d\u00f3lar que se movi\u00f3 a nueve. Hoy ning\u00fan rubro del agro la est\u00e1 pasando bien\u201d.<\/p>\n<p>&nbsp;<\/p>\n<p>Por \u00faltimo, coment\u00f3 que \u201cCRA decidi\u00f3 retirarse de la mesa de negociaci\u00f3n porque las reuniones han aportado muy poco y el gobierno no quiere resolver nada en el corto plazo\u201d. \u201cEl ministro dijo que si la leche baja los consumidores van a pagar m\u00e1s barato, lo que demuestra un total desconocimiento de la cadena, que se ha robado la renta de la producci\u00f3n. Estamos gobernados por inoperante y brutos, que ni siquiera razonan lo que dicen\u201d, concluy\u00f3.<\/p>\n<p>&nbsp;<\/p>\n<p><strong>Redacci\u00f3n: <\/strong>Ayelen Waigandt \u2013 Esperanza D\u00eda x D\u00eda \u2013 CSC Radio<\/p>\n","protected":false},"excerpt":{"rendered":"<p>El presidente de la Sociedad Rural Las Colonias, Jos\u00e9 Alonso, asegur\u00f3 que entre septiembre y noviembre \u201cse agravar\u00e1\u201d la situaci\u00f3n del sector lechero \u201cdebido al sobrante de leche que no se puede exportar y que agravar\u00e1 tambi\u00e9n la situaci\u00f3n de precios del mercado interno\u201d. Afirm\u00f3 que \u201choy ning\u00fan rubro del agro la est\u00e1 pasando bien\u201d [&hellip;]<\/p>\n","protected":false},"author":5,"featured_media":0,"comment_status":"open","ping_status":"open","sticky":false,"template":"","format":"standard","meta":[],"categories":[46],"tags":[1396,12],"_links":{"self":[{"href":"http:\/\/rurallascolonias.com.ar\/index.php?rest_route=\/wp\/v2\/posts\/7825"}],"collection":[{"href":"http:\/\/rurallascolonias.com.ar\/index.php?rest_route=\/wp\/v2\/posts"}],"about":[{"href":"http:\/\/rurallascolonias.com.ar\/index.php?rest_route=\/wp\/v2\/types\/post"}],"author":[{"embeddable":true,"href":"http:\/\/rurallascolonias.com.ar\/index.php?rest_route=\/wp\/v2\/users\/5"}],"replies":[{"embeddable":true,"href":"http:\/\/rurallascolonias.com.ar\/index.php?rest_route=%2Fwp%2Fv2%2Fcomments&post=7825"}],"version-history":[{"count":1,"href":"http:\/\/rurallascolonias.com.ar\/index.php?rest_route=\/wp\/v2\/posts\/7825\/revisions"}],"predecessor-version":[{"id":7826,"href":"http:\/\/rurallascolonias.com.ar\/index.php?rest_route=\/wp\/v2\/posts\/7825\/revisions\/7826"}],"wp:attachment":[{"href":"http:\/\/rurallascolonias.com.ar\/index.php?rest_route=%2Fwp%2Fv2%2Fmedia&parent=7825"}],"wp:term":[{"taxonomy":"category","embeddable":true,"href":"http:\/\/rurallascolonias.com.ar\/index.php?rest_route=%2Fwp%2Fv2%2Fcategories&post=7825"},{"taxonomy":"post_tag","embeddable":true,"href":"http:\/\/rurallascolonias.com.ar\/index.php?rest_route=%2Fwp%2Fv2%2Ftags&post=7825"}],"curies":[{"name":"wp","href":"https:\/\/api.w.org\/{rel}","templated":true}]}}