{"id":7807,"date":"2015-08-19T18:16:53","date_gmt":"2015-08-19T18:16:53","guid":{"rendered":"http:\/\/rurallascolonias.com.ar\/?p=7807"},"modified":"2015-08-19T18:16:53","modified_gmt":"2015-08-19T18:16:53","slug":"bonfatti-culpo-al-campo-por-las-inundaciones-en-santa-fe","status":"publish","type":"post","link":"http:\/\/rurallascolonias.com.ar\/?p=7807","title":{"rendered":"Bonfatti culp\u00f3 al campo por las inundaciones en Santa Fe"},"content":{"rendered":"<p><strong><em><a href=\"http:\/\/rurallascolonias.com.ar\/wp-content\/uploads\/2015\/08\/bonfatti-lluvias.jpg\"><img loading=\"lazy\" class=\"aligncenter wp-image-7808 size-medium\" src=\"http:\/\/rurallascolonias.com.ar\/wp-content\/uploads\/2015\/08\/bonfatti-lluvias-300x133.jpg\" alt=\"bonfatti-lluvias\" width=\"300\" height=\"133\" srcset=\"http:\/\/rurallascolonias.com.ar\/wp-content\/uploads\/2015\/08\/bonfatti-lluvias-300x133.jpg 300w, http:\/\/rurallascolonias.com.ar\/wp-content\/uploads\/2015\/08\/bonfatti-lluvias-600x266.jpg 600w, http:\/\/rurallascolonias.com.ar\/wp-content\/uploads\/2015\/08\/bonfatti-lluvias-624x277.jpg 624w, http:\/\/rurallascolonias.com.ar\/wp-content\/uploads\/2015\/08\/bonfatti-lluvias.jpg 631w\" sizes=\"(max-width: 300px) 100vw, 300px\" \/><\/a>El gobernador de la provincia asegur\u00f3 que \u201cno debe haber campo que no tenga un canal clandestino\u201d<\/em><\/strong><!--more--><\/p>\n<p>El gobernador de Santa Fe, Antonio Bonfatti, responsabiliz\u00f3 al agro por las inundaciones en la provincia. Apunt\u00f3, en ese sentido, a los canales clandestinos que crean los productores para evacuar sus campos.<\/p>\n<p>\u201cProducto de que otros productores han hecho canales clandestinos en sus campos para sacarse el agua. Con un tractor y una pala de arrastre se hace un peque\u00f1o canal. As\u00ed pag\u00f3 las consecuencias Sanford\u201d, se\u00f1al\u00f3.<\/p>\n<p>Y agreg\u00f3: \u201cNo debe haber un campo que no tenga una l\u00ednea (canal clandestino)\u201d.<\/p>\n<p>Las lluvias ha ocasionado graves consecuencias en el interior de la provincia de Santa Fe, sobre todo en la regi\u00f3n norte.<\/p>\n<p>Dos de las localidades m\u00e1s afectadas son Avellaneda y Reconquista, que han sufrido m\u00e1s de 200 mil\u00edmetros de lluvia en los \u00faltimos dos d\u00edas.<\/p>\n","protected":false},"excerpt":{"rendered":"<p>El gobernador de la provincia asegur\u00f3 que \u201cno debe haber campo que no tenga un canal clandestino\u201d<\/p>\n","protected":false},"author":5,"featured_media":0,"comment_status":"open","ping_status":"open","sticky":false,"template":"","format":"standard","meta":[],"categories":[42],"tags":[118,2244],"_links":{"self":[{"href":"http:\/\/rurallascolonias.com.ar\/index.php?rest_route=\/wp\/v2\/posts\/7807"}],"collection":[{"href":"http:\/\/rurallascolonias.com.ar\/index.php?rest_route=\/wp\/v2\/posts"}],"about":[{"href":"http:\/\/rurallascolonias.com.ar\/index.php?rest_route=\/wp\/v2\/types\/post"}],"author":[{"embeddable":true,"href":"http:\/\/rurallascolonias.com.ar\/index.php?rest_route=\/wp\/v2\/users\/5"}],"replies":[{"embeddable":true,"href":"http:\/\/rurallascolonias.com.ar\/index.php?rest_route=%2Fwp%2Fv2%2Fcomments&post=7807"}],"version-history":[{"count":1,"href":"http:\/\/rurallascolonias.com.ar\/index.php?rest_route=\/wp\/v2\/posts\/7807\/revisions"}],"predecessor-version":[{"id":7809,"href":"http:\/\/rurallascolonias.com.ar\/index.php?rest_route=\/wp\/v2\/posts\/7807\/revisions\/7809"}],"wp:attachment":[{"href":"http:\/\/rurallascolonias.com.ar\/index.php?rest_route=%2Fwp%2Fv2%2Fmedia&parent=7807"}],"wp:term":[{"taxonomy":"category","embeddable":true,"href":"http:\/\/rurallascolonias.com.ar\/index.php?rest_route=%2Fwp%2Fv2%2Fcategories&post=7807"},{"taxonomy":"post_tag","embeddable":true,"href":"http:\/\/rurallascolonias.com.ar\/index.php?rest_route=%2Fwp%2Fv2%2Ftags&post=7807"}],"curies":[{"name":"wp","href":"https:\/\/api.w.org\/{rel}","templated":true}]}}