{"id":7792,"date":"2015-08-18T10:59:07","date_gmt":"2015-08-18T10:59:07","guid":{"rendered":"http:\/\/rurallascolonias.com.ar\/?p=7792"},"modified":"2015-08-18T18:02:51","modified_gmt":"2015-08-18T18:02:51","slug":"en-zonas-rurales-hay-mucho-dano","status":"publish","type":"post","link":"http:\/\/rurallascolonias.com.ar\/?p=7792","title":{"rendered":"\u00abEn zonas rurales hay mucho da\u00f1o\u00bb"},"content":{"rendered":"<p><strong><em>INTENSAS LLUVIAS<\/em><\/strong><\/p>\n<h2 class=\"texto_15_gris\"><a href=\"http:\/\/rurallascolonias.com.ar\/wp-content\/uploads\/2015\/08\/inundaciones-6.jpg\"><img loading=\"lazy\" class=\"aligncenter size-full wp-image-7793\" src=\"http:\/\/rurallascolonias.com.ar\/wp-content\/uploads\/2015\/08\/inundaciones-6.jpg\" alt=\"inundaciones 6\" width=\"306\" height=\"165\" srcset=\"http:\/\/rurallascolonias.com.ar\/wp-content\/uploads\/2015\/08\/inundaciones-6.jpg 306w, http:\/\/rurallascolonias.com.ar\/wp-content\/uploads\/2015\/08\/inundaciones-6-300x162.jpg 300w\" sizes=\"(max-width: 306px) 100vw, 306px\" \/><\/a>Omar Pr\u00edncipe, titular de Federaci\u00f3n Agraria, dijo que hacen falta obras de infraestructura y una pol\u00edtica de Estado que debata el cambio clim\u00e1tico<\/h2>\n<p><!--more--><\/p>\n<p>&nbsp;<\/p>\n<p>La Federaci\u00f3n Agraria Argentina (FAA) alert\u00f3 producto de las intensas lluvias que afectaron a Santa Fe se perdieron cerca de 100 mil hect\u00e1reas de cultivo, como del trigo, legumbres y pasturas para el ganado. Las localidades mas comprometidas son Sanford, Chab\u00e1s, Casilda, Los Molinos, Arequito, San Jos\u00e9 de la Esquina, Bigand, una parte importante de Arminda y Villa Mugueta.<\/p>\n<p>Omar Pr\u00edncipe, titular de la entidad ruralista, se\u00f1al\u00f3 a \u00abTrascendental\u00bb de La Ocho que \u00abm\u00e1s all\u00e1 de la preocupaci\u00f3n en las zonas urbanas, con toda la problem\u00e1tica que eso tiene de problemas sanitarios o de gente a la que le ha entrado el agua a su casa, en las zonas rurales es much\u00edsimo el da\u00f1o que se ha producido\u00bb y que adem\u00e1s \u00abllega en una \u00e9poca que no es normal que se hable de inundaciones\u00bb.<\/p>\n<p>\u00abA veces las inundaciones se dan en meses de enero, febrero o marzo, \u00e9pocas muy lluviosas, pero no en pleno invierno, en agosto\u00bb, agreg\u00f3 Pr\u00edncipe. Para el dirigente \u00abhay una gran p\u00e9rdida porque hay much\u00edsimas hect\u00e1reas anegadas\u00bb, y eso habla \u00abque tenemos que prestar atenci\u00f3n a qu\u00e9 esta pasando y por qu\u00e9 sucede eso\u00bb.<\/p>\n<p>En este sentido, afirm\u00f3 que \u00abesto sucede porque no hay suficiente inversi\u00f3n en zonas rurales, de infraestructura, de canalizaci\u00f3n o caminos, es una situaci\u00f3n que viene de muchos a\u00f1os\u00bb. Pero que \u00abadem\u00e1s tambi\u00e9n hay que hablar del cambio clim\u00e1tico, que afecta y no podemos mirar para otro lado\u00bb.<\/p>\n<p>Para Pr\u00edncipe \u00abentre todos hay que hacer autocr\u00edtica, los productores que hacen canales que no est\u00e1n autorizados u obras que no est\u00e1n bien dise\u00f1adas. Pero tambi\u00e9n falta pensar en una argentina con un desarrollo rural integral, donde no solamente hay que hablar de rentabilidad, que la necesitamos los productores, sino donde tambi\u00e9n tomemos el tema del cambio clim\u00e1tico\u00bb.<\/p>\n<p>Sobre este punto entiende que \u00abvamos a tener que tener una pol\u00edtica de Estado si realmente no queremos ir detr\u00e1s de los sucesos, porque que caigan 350 mil\u00edmetros en agosto no es algo normal\u00bb.<\/p>\n<div class=\"separador_2\"><\/div>\n<p><span class=\"texto_13_gris\"><em>Fuente: <\/em><strong>SM-La Capital<\/strong><\/span><\/p>\n","protected":false},"excerpt":{"rendered":"<p>INTENSAS LLUVIAS Omar Pr\u00edncipe, titular de Federaci\u00f3n Agraria, dijo que hacen falta obras de infraestructura y una pol\u00edtica de Estado que debata el cambio clim\u00e1tico<\/p>\n","protected":false},"author":5,"featured_media":0,"comment_status":"open","ping_status":"open","sticky":false,"template":"","format":"standard","meta":[],"categories":[40],"tags":[19,1668,1256],"_links":{"self":[{"href":"http:\/\/rurallascolonias.com.ar\/index.php?rest_route=\/wp\/v2\/posts\/7792"}],"collection":[{"href":"http:\/\/rurallascolonias.com.ar\/index.php?rest_route=\/wp\/v2\/posts"}],"about":[{"href":"http:\/\/rurallascolonias.com.ar\/index.php?rest_route=\/wp\/v2\/types\/post"}],"author":[{"embeddable":true,"href":"http:\/\/rurallascolonias.com.ar\/index.php?rest_route=\/wp\/v2\/users\/5"}],"replies":[{"embeddable":true,"href":"http:\/\/rurallascolonias.com.ar\/index.php?rest_route=%2Fwp%2Fv2%2Fcomments&post=7792"}],"version-history":[{"count":1,"href":"http:\/\/rurallascolonias.com.ar\/index.php?rest_route=\/wp\/v2\/posts\/7792\/revisions"}],"predecessor-version":[{"id":7794,"href":"http:\/\/rurallascolonias.com.ar\/index.php?rest_route=\/wp\/v2\/posts\/7792\/revisions\/7794"}],"wp:attachment":[{"href":"http:\/\/rurallascolonias.com.ar\/index.php?rest_route=%2Fwp%2Fv2%2Fmedia&parent=7792"}],"wp:term":[{"taxonomy":"category","embeddable":true,"href":"http:\/\/rurallascolonias.com.ar\/index.php?rest_route=%2Fwp%2Fv2%2Fcategories&post=7792"},{"taxonomy":"post_tag","embeddable":true,"href":"http:\/\/rurallascolonias.com.ar\/index.php?rest_route=%2Fwp%2Fv2%2Ftags&post=7792"}],"curies":[{"name":"wp","href":"https:\/\/api.w.org\/{rel}","templated":true}]}}