{"id":7789,"date":"2015-08-18T17:53:46","date_gmt":"2015-08-18T17:53:46","guid":{"rendered":"http:\/\/rurallascolonias.com.ar\/?p=7789"},"modified":"2015-08-18T17:53:46","modified_gmt":"2015-08-18T17:53:46","slug":"paoli-vamos-a-tener-lluvias-por-encima-de-lo-normal","status":"publish","type":"post","link":"http:\/\/rurallascolonias.com.ar\/?p=7789","title":{"rendered":"Paoli: \u201cVamos a tener lluvias por encima de lo normal\u201d"},"content":{"rendered":"<p><strong><em>EL NI\u00d1O AFECTAR\u00c1 LA REGI\u00d3N HASTA FIN DE A\u00d1O<\/em><\/strong><\/p>\n<p><a href=\"http:\/\/rurallascolonias.com.ar\/wp-content\/uploads\/2015\/08\/inundaciones-5.jpg\"><img loading=\"lazy\" class=\"aligncenter size-full wp-image-7790\" src=\"http:\/\/rurallascolonias.com.ar\/wp-content\/uploads\/2015\/08\/inundaciones-5.jpg\" alt=\"inundaciones 5\" width=\"302\" height=\"167\" srcset=\"http:\/\/rurallascolonias.com.ar\/wp-content\/uploads\/2015\/08\/inundaciones-5.jpg 302w, http:\/\/rurallascolonias.com.ar\/wp-content\/uploads\/2015\/08\/inundaciones-5-300x166.jpg 300w\" sizes=\"(max-width: 302px) 100vw, 302px\" \/><\/a>El director del Centro Regional Litoral del Instituto Nacional del Agua sostuvo que no sabemos si va a ser un Ni\u00f1o d\u00e9bil, moderado o fuerte. Sobre el comportamiento del r\u00edo Paran\u00e1 explic\u00f3 que atraviesa una crecida ordinaria y que es dif\u00edcil que se produzca una crecida extraordinaria<!--more--><\/p>\n<p>Carlos Paoli, director del Centro Regional Litoral del Instituto Nacional del Agua (INA), expres\u00f3 que \u201cel INA recibe informaci\u00f3n permanente de Brasil, Paraguay y todas las cuencas que aportan al Paran\u00e1 y al r\u00edo de La Plata. Si bien el INA no hace la parte de clima, recoge toda la informaci\u00f3n de los grandes centros y emite un escenario posible. El \u00faltimo lo publicamos el 5 de agosto (abarca desde agosto a octubre)\u201d.<\/p>\n<p>El director del Centro Regional Litoral del Instituto Nacional del Agua (INA) agreg\u00f3 que \u201cse esperan lluvias por encima de lo normal en las zonas de Corrientes, Misiones, este de Formosa, Chaco, Paraguay y extremo sur del Brasil. Es imposible decir cu\u00e1nto va a llover. Lo que si podemos decir es que las precipitaciones van a superar los valores normales. No nos olvidemos que estamos afectados por el fen\u00f3meno del Ni\u00f1o (hasta fines del 2015). No sabemos si va a ser un Ni\u00f1o d\u00e9bil, moderado o fuerte\u201d.<\/p>\n<p>Consultado sobre c\u00f3mo podr\u00eda comportarse el Paran\u00e1 de aqu\u00ed a fin de a\u00f1o, Carlos Paoli sostuvo que \u201chasta el momento est\u00e1 relativamente alto, pero dentro de los valores normales. Estamos en una crecida ordinaria (hoy, ronda los 5 metros de profundidad). No sabemos si se va a producir una crecida extraordinaria. Obviamente, hay que estar atentos por las lluvias por encima de lo normal que se pronostican. No es tan f\u00e1cil que se de una crecida extraordinaria\u201d.<\/p>\n<p><strong>La mirada del intendente de Santa Fe<\/strong><\/p>\n<p>En di\u00e1logo con LT10, Jos\u00e9 Corral, intendente de Santa Fe, expres\u00f3 que \u201cla ciudad tiene que estar cada vez m\u00e1s preparada. El gobierno de la ciudad, con esfuerzos de la provincia y la Naci\u00f3n tiene que hacer las obras necesarias. Tambi\u00e9n, tenemos que mantener la infraestructura y reducir los riesgos. El desarrollo de la ciudad tiene que ser acorde a la situaci\u00f3n de los suelos. Por este motivo, estamos reubicando a vecinos que est\u00e1n en zonas de riesgo\u201d.<\/p>\n<p>Adem\u00e1s, Jos\u00e9 Corral agreg\u00f3 que \u201cvamos a tener que afrontar desaf\u00edos tan importantes como los que padecimos en el pasado pero ahora, estamos m\u00e1s preparados y m\u00e1s organizados\u201d.<\/p>\n<p>Sobre lo que alert\u00f3 el climatol\u00f3go <a href=\"http:\/\/www.lt10digital.com.ar\/noticia\/idnot\/239003\/paolivamosatenerlluviasporencimadelonormal.html\">Eduardo Sierra<\/a> por LT10, intendente de Santa Fe manifest\u00f3 que \u201clas defensas de Rinc\u00f3n son un punto flaco porque dieron una falsa idea de seguridad. Hoy estamos mejor preparados que en 1983. Vamos a tener r\u00edos altos con lluvias por arriba de lo normal\u201d.<\/p>\n","protected":false},"excerpt":{"rendered":"<p>EL NI\u00d1O AFECTAR\u00c1 LA REGI\u00d3N HASTA FIN DE A\u00d1O El director del Centro Regional Litoral del Instituto Nacional del Agua sostuvo que no sabemos si va a ser un Ni\u00f1o d\u00e9bil, moderado o fuerte. Sobre el comportamiento del r\u00edo Paran\u00e1 explic\u00f3 que atraviesa una crecida ordinaria y que es dif\u00edcil que se produzca una crecida [&hellip;]<\/p>\n","protected":false},"author":5,"featured_media":0,"comment_status":"open","ping_status":"open","sticky":false,"template":"","format":"standard","meta":[],"categories":[40],"tags":[2235,2236,618],"_links":{"self":[{"href":"http:\/\/rurallascolonias.com.ar\/index.php?rest_route=\/wp\/v2\/posts\/7789"}],"collection":[{"href":"http:\/\/rurallascolonias.com.ar\/index.php?rest_route=\/wp\/v2\/posts"}],"about":[{"href":"http:\/\/rurallascolonias.com.ar\/index.php?rest_route=\/wp\/v2\/types\/post"}],"author":[{"embeddable":true,"href":"http:\/\/rurallascolonias.com.ar\/index.php?rest_route=\/wp\/v2\/users\/5"}],"replies":[{"embeddable":true,"href":"http:\/\/rurallascolonias.com.ar\/index.php?rest_route=%2Fwp%2Fv2%2Fcomments&post=7789"}],"version-history":[{"count":1,"href":"http:\/\/rurallascolonias.com.ar\/index.php?rest_route=\/wp\/v2\/posts\/7789\/revisions"}],"predecessor-version":[{"id":7791,"href":"http:\/\/rurallascolonias.com.ar\/index.php?rest_route=\/wp\/v2\/posts\/7789\/revisions\/7791"}],"wp:attachment":[{"href":"http:\/\/rurallascolonias.com.ar\/index.php?rest_route=%2Fwp%2Fv2%2Fmedia&parent=7789"}],"wp:term":[{"taxonomy":"category","embeddable":true,"href":"http:\/\/rurallascolonias.com.ar\/index.php?rest_route=%2Fwp%2Fv2%2Fcategories&post=7789"},{"taxonomy":"post_tag","embeddable":true,"href":"http:\/\/rurallascolonias.com.ar\/index.php?rest_route=%2Fwp%2Fv2%2Ftags&post=7789"}],"curies":[{"name":"wp","href":"https:\/\/api.w.org\/{rel}","templated":true}]}}