{"id":7773,"date":"2015-08-18T01:55:24","date_gmt":"2015-08-18T01:55:24","guid":{"rendered":"http:\/\/rurallascolonias.com.ar\/?p=7773"},"modified":"2015-08-18T01:55:24","modified_gmt":"2015-08-18T01:55:24","slug":"llega-el-nino-mas-fuerte-de-los-ultimos-100-anos","status":"publish","type":"post","link":"http:\/\/rurallascolonias.com.ar\/?p=7773","title":{"rendered":"Llega el Ni\u00f1o m\u00e1s fuerte de los \u00faltimos 100 a\u00f1os"},"content":{"rendered":"<p><strong><em>CLIMA ADVERSO<\/em><\/strong><\/p>\n<h2 class=\"texto_15_gris\"><a href=\"http:\/\/rurallascolonias.com.ar\/wp-content\/uploads\/2015\/08\/El-Ni\u00f1o.jpg\"><img loading=\"lazy\" class=\"aligncenter size-full wp-image-7774\" src=\"http:\/\/rurallascolonias.com.ar\/wp-content\/uploads\/2015\/08\/El-Ni\u00f1o.jpg\" alt=\"El Ni\u00f1o\" width=\"276\" height=\"183\" \/><\/a>Llega con la peor de las intenciones: arrasa ciudades del interior y da\u00f1a el trigo, la cebada, la ganader\u00eda y la lecher\u00eda; temor por la cosecha gruesa<\/h2>\n<p><!--more--><\/p>\n<p>&nbsp;<\/p>\n<p>Est\u00e1 pronosticado como el fen\u00f3meno Ni\u00f1o m\u00e1s potente de los \u00faltimos cien a\u00f1os y sus consecuencias tr\u00e1gicas ya comenzaron a sufrirse en centros urbanos de las provincias de Buenos Aires y Santa Fe y, al mismo tiempo, su paso destructivo se traslad\u00f3 al campo.<\/p>\n<p>Las \u00faltimas y descomunales lluvias ya est\u00e1n afectando al trigo y la cebada por anegamientos o por el exceso de humedad que provocar\u00e1 menores rendimientos y calidad por la aparici\u00f3n de enfermedades f\u00fangicas. Y en un futuro inmediato, con las intensas precipitaciones que se pronostican, se prev\u00e9n demoras en el inicio de la siembra del ma\u00edz y la soja por falta de piso; la aparici\u00f3n de malezas, enfermedades y plagas, y problemas para el momento del traslado de la producci\u00f3n en caminos y rutas que ya est\u00e1n intransitables.<\/p>\n<p>En la ganader\u00eda de la cuenca del Salado, seg\u00fan datos de Aacrea, la hacienda se est\u00e1 concentrando en las lomas con los inevitables problemas de hacinamiento. A su vez, tambi\u00e9n se retrasar\u00e1n las siembras de verdeos de verano para generar las reservas forrajeras.<\/p>\n<p>Y en los tambos, la actividad diaria se ver\u00e1 afectada -tal como ya ocurre en estos d\u00edas- por la dificultad del ingreso de los camiones para recoger la leche.<\/p>\n<p>\u00ab\u00c9ste es el fen\u00f3meno Ni\u00f1o de la categor\u00eda fuerte, m\u00e1s potente de los \u00faltimos cien a\u00f1os, y ya est\u00e1 en pleno desarrollo, se\u00f1al\u00f3 la Administraci\u00f3n Nacional de Oc\u00e9anos y Atm\u00f3sfera de los Estados Unidos (NOAA, por sus siglas en ingl\u00e9s), n\u00famero uno en el mundo en informaci\u00f3n meteorol\u00f3gica\u00bb, dijo Anthony R. Deane, presidente de la consultora Weather Wise Argentina y adem\u00e1s productor agropecuario.<\/p>\n<p>Hay que recordar que El Ni\u00f1o es un fen\u00f3meno con lluvias mayores a las normales, originado con el calentamiento del oc\u00e9ano Pac\u00edfico, y se divide en tres categor\u00edas: fuerte, moderado y d\u00e9bil. Seg\u00fan Deane, que hace referencia a la misma fuente, el segundo de estos fen\u00f3menos en importancia ocurri\u00f3 en el ciclo 1997\/98, (con inundaciones muy graves) y el tercero, durante la temporada 1972\/73. \u00abSaber qu\u00e9 pas\u00f3 en esos a\u00f1os, sobre todo en 1997\/98, ayudar\u00e1 al productor a tomar recaudos, pero no hay un Ni\u00f1o igual a otro\u00bb, agreg\u00f3 el productor.<\/p>\n<p>Esta corriente abarca con mayor intensidad desde el centro y oeste de la provincia de Buenos Aires, centro-norte de La Pampa y la totalidad de C\u00f3rdoba, Santa Fe, Chaco, Formosa, Entre R\u00edos, Corrientes y Misiones, y en menor medida, el noroeste argentino (NOA) y Mendoza.<\/p>\n<p>Seg\u00fan el modelo de medici\u00f3n norteamericano que toma Deane, se calcula que desde septiembre a marzo caer\u00e1n 760 mil\u00edmetros en promedio general en las regiones citadas. Esto significa que totalizar\u00edan \u00abc\u00f3modamente m\u00e1s de un 200 % de anomal\u00eda sobre el promedio hist\u00f3rico\u00bb, agreg\u00f3.<\/p>\n<p>Pero Deane aclar\u00f3 que estas lluvias ser\u00e1n oscilantes: los meses m\u00e1s llovedores ser\u00e1n octubre pr\u00f3ximo y marzo de 2016 y en menor medida, noviembre y diciembre.<\/p>\n<p>LLEG\u00d3 ANTES<\/p>\n<p>En tanto, el consultor privado y profesor de la c\u00e1tedra de Climatolog\u00eda de la (UBA). Eduardo Sierra, coincidi\u00f3 en que se prev\u00e9 un fen\u00f3meno Ni\u00f1o fuerte, \u00abcomo lo han se\u00f1alado con alarma agencias meteorol\u00f3gicas internacionales m\u00e1s importantes, entre ellas la citada NOAA y otra de Australia\u00bb y ya ha dado pruebas tempranas de su poder\u00edo en los Estados Unidos, Asia y ahora en Am\u00e9rica del Sur\u00bb.<\/p>\n<p>Explic\u00f3 hist\u00f3ricamente que El Ni\u00f1o empieza a gestarse en abril cuando se debilitan los vientos alisios y dos meses despu\u00e9s se ven las manchas de aguas calientes frente a Per\u00fa. \u00abPero este a\u00f1o esas manchas se vieron en marzo\u00bb, se\u00f1al\u00f3.<\/p>\n<p>Respecto de la magnitud del fen\u00f3meno, Sierra fue m\u00e1s moderado. \u00abEst\u00e1n hablando como la peor inundaci\u00f3n en cien a\u00f1os y hace tres a\u00f1os hubo algo mucho peor, como la inundaci\u00f3n en once millones de hect\u00e1reas en la cuenca del Salado.\u00bb Y explic\u00f3 que ahora impacta m\u00e1s porque ha afectado m\u00e1s zonas urbanas.<\/p>\n<p>Seg\u00fan el especialista, por el momento los cultivos que han sido afectados por las \u00faltimas lluvias son el trigo y la cebada, ya implantados.<\/p>\n<p>Seg\u00fan Aacrea, en los partidos boaerenses de Pergamino, Bragado, Chacabuco, Chivilcoy y General Arenales, llovieron entre 200 y 400 mil\u00edmetros en los \u00faltimos siete d\u00edas, poniendo en riesgo a los cultivos de la cosecha fina.<\/p>\n<p>Para Pablo Bressa, asesor del CREA General Arenales, la perspectiva de c\u00f3mo se desarrollar\u00e1 la cosecha fina \u00abes de regular a mala\u00bb teniendo en cuenta que el pron\u00f3stico de lluvias continuar\u00e1 en los pr\u00f3ximos d\u00edas.<\/p>\n<p>Respecto de la cosecha gruesa Sierra dijo que nunca se ha visto que este fen\u00f3meno la afecte. \u00abYa ha habido episodios de inundaciones y las cosechas igual han sido grandes. El ma\u00edz y la soja se suelen sembrar en campos altos y eso no est\u00e1 afectado ahora y es raro que se afecte\u00bb, opin\u00f3.<\/p>\n<p>Sobre la demora en la siembra, hay coincidencias entre los especialistas, pero con matices. ParaDeane faltar\u00e1 piso, en tanto Sierra relaciona este atraso por una cuesti\u00f3n log\u00edstica como es \u00abla escasa maquinaria disponible\u00bb, en tanto el director cient\u00edfico de la Gu\u00eda Estrat\u00e9gica para el Agro (GEA) de la Bolsa de Comercio de Rosario, Jos\u00e9 Luis Aiello, dijo que esa demora se dar\u00e1 \u00absobre todo en las siembras tempranas, porque hay mucha humedad en los perfiles de lo suelos, con excesos y anegamientos en muchas regiones y estos son per\u00edodos en donde la evapotranspiraci\u00f3n es muy baja\u00bb.<\/p>\n<p>&nbsp;<\/p>\n<div class=\"separador_2\"><\/div>\n<p><span class=\"texto_13_gris\"><em>Fuente: <\/em><strong>Sin Mordaza &#8211; La Naci\u00f3n<\/strong><\/span><\/p>\n","protected":false},"excerpt":{"rendered":"<p>CLIMA ADVERSO Llega con la peor de las intenciones: arrasa ciudades del interior y da\u00f1a el trigo, la cebada, la ganader\u00eda y la lecher\u00eda; temor por la cosecha gruesa<\/p>\n","protected":false},"author":5,"featured_media":0,"comment_status":"open","ping_status":"open","sticky":false,"template":"","format":"standard","meta":[],"categories":[40],"tags":[618],"_links":{"self":[{"href":"http:\/\/rurallascolonias.com.ar\/index.php?rest_route=\/wp\/v2\/posts\/7773"}],"collection":[{"href":"http:\/\/rurallascolonias.com.ar\/index.php?rest_route=\/wp\/v2\/posts"}],"about":[{"href":"http:\/\/rurallascolonias.com.ar\/index.php?rest_route=\/wp\/v2\/types\/post"}],"author":[{"embeddable":true,"href":"http:\/\/rurallascolonias.com.ar\/index.php?rest_route=\/wp\/v2\/users\/5"}],"replies":[{"embeddable":true,"href":"http:\/\/rurallascolonias.com.ar\/index.php?rest_route=%2Fwp%2Fv2%2Fcomments&post=7773"}],"version-history":[{"count":1,"href":"http:\/\/rurallascolonias.com.ar\/index.php?rest_route=\/wp\/v2\/posts\/7773\/revisions"}],"predecessor-version":[{"id":7775,"href":"http:\/\/rurallascolonias.com.ar\/index.php?rest_route=\/wp\/v2\/posts\/7773\/revisions\/7775"}],"wp:attachment":[{"href":"http:\/\/rurallascolonias.com.ar\/index.php?rest_route=%2Fwp%2Fv2%2Fmedia&parent=7773"}],"wp:term":[{"taxonomy":"category","embeddable":true,"href":"http:\/\/rurallascolonias.com.ar\/index.php?rest_route=%2Fwp%2Fv2%2Fcategories&post=7773"},{"taxonomy":"post_tag","embeddable":true,"href":"http:\/\/rurallascolonias.com.ar\/index.php?rest_route=%2Fwp%2Fv2%2Ftags&post=7773"}],"curies":[{"name":"wp","href":"https:\/\/api.w.org\/{rel}","templated":true}]}}