{"id":7771,"date":"2015-08-18T01:48:51","date_gmt":"2015-08-18T01:48:51","guid":{"rendered":"http:\/\/rurallascolonias.com.ar\/?p=7771"},"modified":"2015-08-18T01:48:51","modified_gmt":"2015-08-18T01:48:51","slug":"las-inundaciones-son-la-fortaleza-de-la-region","status":"publish","type":"post","link":"http:\/\/rurallascolonias.com.ar\/?p=7771","title":{"rendered":"\u00abLas inundaciones son la fortaleza de la regi\u00f3n\u00bb"},"content":{"rendered":"<p><strong><em> LA OPINI\u00d3N DE UN EXPERTO<\/em><\/strong><\/p>\n<p><a href=\"http:\/\/rurallascolonias.com.ar\/wp-content\/uploads\/2015\/08\/inundaciones-3.jpg\"><img loading=\"lazy\" class=\"aligncenter size-full wp-image-7725\" src=\"http:\/\/rurallascolonias.com.ar\/wp-content\/uploads\/2015\/08\/inundaciones-3.jpg\" alt=\"inundaciones 3\" width=\"281\" height=\"180\" \/><\/a>El ingeniero Eduardo Sierra consider\u00f3 que el fen\u00f3meno de El Ni\u00f1o \u00abes fuerte pero no sabemos hasta d\u00f3nde va a llegar\u00bb. Ponder\u00f3 estos per\u00edodos \u00abporque son parte del r\u00e9gimen natural\u00bb<!--more--><\/p>\n<p>El consultor privado y profesor de la c\u00e1tedra de Climatolog\u00eda y Fenolog\u00eda Agr\u00edcola de la UBA analiz\u00f3 las causas de las inundaciones de los \u00faltimos d\u00edas. Eduardo Sierra explic\u00f3 que \u00ablas inundaciones son la fortaleza de la regi\u00f3n pampeana porque los per\u00edodos de inundaci\u00f3n son los que reponen la napa fre\u00e1tica. Si no tuvieramos estas inundaciones tendr\u00edamos un clima que en los a\u00f1os secos pr\u00e1cticamente no se podr\u00eda producir, porque las inundaciones son parte del r\u00e9gimen natural\u00bb.<\/p>\n<p>\u00abSe combinaron varios factores que pueden producir lluvia excesiva -explica la doctora Carolina Vera, investigadora del Conicet en el Centro de Investigaciones del Mar y la Atm\u00f3sfera, de la UBA-. Para m\u00ed, lo m\u00e1s importante es el fen\u00f3meno El Ni\u00f1o, que se verifica a partir de julio en el nordeste del pa\u00eds, y a partir de la primavera y verano en el Este.\u00bb<\/p>\n<p>Para Vera, que desde hace m\u00e1s de veinte a\u00f1os estudia la variabilidad en las precipitaciones, la ca\u00edda de agua es at\u00edpica, pero no inesperada. \u00abEl Ni\u00f1o es un fen\u00f3meno que se pronostica con seis meses de anticipaci\u00f3n -dice-. En los pa\u00edses que hacen prevenci\u00f3n activa lo est\u00e1n monitoreando desde el a\u00f1o pasado.\u00bb<\/p>\n<p>Sin embargo, para explicar la inundaci\u00f3n es necesario tener en cuenta una compleja trama de causas conjugadas que van m\u00e1s all\u00e1 de los mil\u00edmetros ca\u00eddos.<\/p>\n<p>\u00abTenemos la fantas\u00eda de que siempre hay una obra salvadora y que los desastres se producen porque no se hizo -opina Antonio Brailovsky, docente de la UBA y autor de Buenos Aires, ciudad inundable [Capital Intelectual]-. Pero hay que considerar otros factores. En primer lugar, las ciudades bajaron hacia terrenos cada vez con mayor riesgo de inundaci\u00f3n. Por otro lado, debido al cambio clim\u00e1tico, los r\u00edos suben. Una ciudad que baja y un r\u00edo que sube en alg\u00fan punto se juntan. Hace 20 o 30 a\u00f1os que los cient\u00edficos vienen avisando que la frecuencia de las fuertes lluvias aumentar\u00e1. Pero cuando se producen, todos se sorprenden y dicen: \u00abHuy, era cierto\u00bb.\u00bb<\/p>\n<p>La trascendencia de los errores en la gesti\u00f3n urbana fue estudiada en profundidad en el caso de la cuenca baja del r\u00edo Luj\u00e1n por la ge\u00f3grafa Patricia Pintos y colegas de la Universidad Nacional de La Plata. \u00abHasta 2014 se hab\u00edan instalado en humedales sobre la cuenca del Luj\u00e1n 65 barrios cerrados que ocupaban 9200 hect\u00e1reas -sintetiza-. Esto produjo una transformaci\u00f3n de proporciones: se destruy\u00f3 el ecosistema y, al sobreelevar los terrenos, se gener\u00f3 una barrera al escurrimiento del agua. Si uno se fija en las fotos a\u00e9reas de la inundaci\u00f3n de 2014, puede ver c\u00f3mo el barrio San Sebasti\u00e1n, que ocupa 1100 hect\u00e1reas en la margen derecha del r\u00edo, no sufri\u00f3 anegamientos. El agua avanz\u00f3 sobre la izquierda ocupando \u00e1reas que antes permanec\u00edan secas.\u00bb<\/p>\n<p>Dado que ni el clima ni la localizaci\u00f3n de los barrios puede modificarse a corto plazo, los especialistas proponen medidas de mitigaci\u00f3n y prevenci\u00f3n. Entre ellas, hacer un manejo inteligente no de los municipios y de la cuenca; definir cu\u00e1les son las \u00e1reas de riesgo, que son las que alguna vez se inundaron, y establecer una moratoria de edificaci\u00f3n hasta que se estipulen normas t\u00e9cnicas adecuadas (por ejemplo, casas elevadas como las del Delta o La Boca); revisar la \u00faltima versi\u00f3n del C\u00f3digo Civil, que autoriza a construir cada vez m\u00e1s cerca de la margen del r\u00edo, y dise\u00f1ar buenos planes de evacuaci\u00f3n.<\/p>\n<p>\u00abEl problema es que tenemos el negocio de poner gente en lugares inundables, despu\u00e9s el de hacer obras y, como nunca alcanzan, hay que hacer m\u00e1s y venderle a la gente que son la soluci\u00f3n definitiva para que vaya m\u00e1s gente a ocupar la zona de riesgo -dice Brailovksy-. En alg\u00fan momento, hay que detener este c\u00edrculo vicioso. Pero la soluci\u00f3n definitiva o no existe o no la podemos pagar, que en la pr\u00e1ctica es lo mismo.\u00bb Esperemos que estas consideraciones sean tenidas en cuenta. Seg\u00fan anticipa Vera, en los pr\u00f3ximos meses se espera que siga lloviendo. \u00abAunque no tenemos certeza sobre la intensidad -subraya-, para la primavera calculamos que hay un 80% de posibilidades de que llueva por encima de lo normal en el este de la Argentina. Hasta el verano, hay pron\u00f3stico de lluvias\u00bb.<\/p>\n<p>Autor: RG\u00a0|\u00a0 Fuente: LT10 \/ La Naci\u00f3n<\/p>\n","protected":false},"excerpt":{"rendered":"<p>LA OPINI\u00d3N DE UN EXPERTO El ingeniero Eduardo Sierra consider\u00f3 que el fen\u00f3meno de El Ni\u00f1o \u00abes fuerte pero no sabemos hasta d\u00f3nde va a llegar\u00bb. Ponder\u00f3 estos per\u00edodos \u00abporque son parte del r\u00e9gimen natural\u00bb<\/p>\n","protected":false},"author":5,"featured_media":0,"comment_status":"open","ping_status":"open","sticky":false,"template":"","format":"standard","meta":[],"categories":[42],"tags":[2231,523],"_links":{"self":[{"href":"http:\/\/rurallascolonias.com.ar\/index.php?rest_route=\/wp\/v2\/posts\/7771"}],"collection":[{"href":"http:\/\/rurallascolonias.com.ar\/index.php?rest_route=\/wp\/v2\/posts"}],"about":[{"href":"http:\/\/rurallascolonias.com.ar\/index.php?rest_route=\/wp\/v2\/types\/post"}],"author":[{"embeddable":true,"href":"http:\/\/rurallascolonias.com.ar\/index.php?rest_route=\/wp\/v2\/users\/5"}],"replies":[{"embeddable":true,"href":"http:\/\/rurallascolonias.com.ar\/index.php?rest_route=%2Fwp%2Fv2%2Fcomments&post=7771"}],"version-history":[{"count":1,"href":"http:\/\/rurallascolonias.com.ar\/index.php?rest_route=\/wp\/v2\/posts\/7771\/revisions"}],"predecessor-version":[{"id":7772,"href":"http:\/\/rurallascolonias.com.ar\/index.php?rest_route=\/wp\/v2\/posts\/7771\/revisions\/7772"}],"wp:attachment":[{"href":"http:\/\/rurallascolonias.com.ar\/index.php?rest_route=%2Fwp%2Fv2%2Fmedia&parent=7771"}],"wp:term":[{"taxonomy":"category","embeddable":true,"href":"http:\/\/rurallascolonias.com.ar\/index.php?rest_route=%2Fwp%2Fv2%2Fcategories&post=7771"},{"taxonomy":"post_tag","embeddable":true,"href":"http:\/\/rurallascolonias.com.ar\/index.php?rest_route=%2Fwp%2Fv2%2Ftags&post=7771"}],"curies":[{"name":"wp","href":"https:\/\/api.w.org\/{rel}","templated":true}]}}