{"id":7762,"date":"2015-08-14T17:30:13","date_gmt":"2015-08-14T17:30:13","guid":{"rendered":"http:\/\/rurallascolonias.com.ar\/?p=7762"},"modified":"2015-08-14T17:31:46","modified_gmt":"2015-08-14T17:31:46","slug":"charla-de-teo-zorraquin","status":"publish","type":"post","link":"http:\/\/rurallascolonias.com.ar\/?p=7762","title":{"rendered":"CHARLA DE TEO ZORRAQU\u00cdN"},"content":{"rendered":"<p><strong><em><a href=\"http:\/\/rurallascolonias.com.ar\/wp-content\/uploads\/2015\/08\/ZORRAQUIN.jpg\"><img loading=\"lazy\" class=\"alignleft wp-image-7764 size-thumbnail\" src=\"http:\/\/rurallascolonias.com.ar\/wp-content\/uploads\/2015\/08\/ZORRAQUIN-150x150.jpg\" alt=\"ZORRAQUIN\" width=\"150\" height=\"150\" \/><\/a>Ser\u00e1 en adhesi\u00f3n a la Fiesta Nacional de la Agricultura<\/em><\/strong><\/p>\n<p>La charla girar\u00e1 en torno a la siguiente tem\u00e1tica: \u00abDecisiones en la tormenta\u00bb.<\/p>\n<p>Se llevar\u00e1 a cabo en las instalaciones del Predio rural de la Sociedad Rural de Las Colonias el pr\u00f3ximo 4 de septiembre a las 19hs.<\/p>\n<p>&nbsp;<\/p>\n<p>&nbsp;<\/p>\n","protected":false},"excerpt":{"rendered":"<p>Ser\u00e1 en adhesi\u00f3n a la Fiesta Nacional de la Agricultura La charla girar\u00e1 en torno a la siguiente tem\u00e1tica: \u00abDecisiones en la tormenta\u00bb. Se llevar\u00e1 a cabo en las instalaciones del Predio rural de la Sociedad Rural de Las Colonias el pr\u00f3ximo 4 de septiembre a las 19hs. &nbsp; &nbsp;<\/p>\n","protected":false},"author":5,"featured_media":0,"comment_status":"open","ping_status":"open","sticky":false,"template":"","format":"standard","meta":[],"categories":[29],"tags":[],"_links":{"self":[{"href":"http:\/\/rurallascolonias.com.ar\/index.php?rest_route=\/wp\/v2\/posts\/7762"}],"collection":[{"href":"http:\/\/rurallascolonias.com.ar\/index.php?rest_route=\/wp\/v2\/posts"}],"about":[{"href":"http:\/\/rurallascolonias.com.ar\/index.php?rest_route=\/wp\/v2\/types\/post"}],"author":[{"embeddable":true,"href":"http:\/\/rurallascolonias.com.ar\/index.php?rest_route=\/wp\/v2\/users\/5"}],"replies":[{"embeddable":true,"href":"http:\/\/rurallascolonias.com.ar\/index.php?rest_route=%2Fwp%2Fv2%2Fcomments&post=7762"}],"version-history":[{"count":3,"href":"http:\/\/rurallascolonias.com.ar\/index.php?rest_route=\/wp\/v2\/posts\/7762\/revisions"}],"predecessor-version":[{"id":7767,"href":"http:\/\/rurallascolonias.com.ar\/index.php?rest_route=\/wp\/v2\/posts\/7762\/revisions\/7767"}],"wp:attachment":[{"href":"http:\/\/rurallascolonias.com.ar\/index.php?rest_route=%2Fwp%2Fv2%2Fmedia&parent=7762"}],"wp:term":[{"taxonomy":"category","embeddable":true,"href":"http:\/\/rurallascolonias.com.ar\/index.php?rest_route=%2Fwp%2Fv2%2Fcategories&post=7762"},{"taxonomy":"post_tag","embeddable":true,"href":"http:\/\/rurallascolonias.com.ar\/index.php?rest_route=%2Fwp%2Fv2%2Ftags&post=7762"}],"curies":[{"name":"wp","href":"https:\/\/api.w.org\/{rel}","templated":true}]}}