{"id":7756,"date":"2015-08-14T16:55:45","date_gmt":"2015-08-14T16:55:45","guid":{"rendered":"http:\/\/rurallascolonias.com.ar\/?p=7756"},"modified":"2015-08-14T16:55:45","modified_gmt":"2015-08-14T16:55:45","slug":"lecheria-analizan-creacion-de-un-fondo-compensador","status":"publish","type":"post","link":"http:\/\/rurallascolonias.com.ar\/?p=7756","title":{"rendered":"Lecher\u00eda: analizan creaci\u00f3n de un fondo compensador"},"content":{"rendered":"<p><strong><em><a href=\"http:\/\/rurallascolonias.com.ar\/wp-content\/uploads\/2015\/08\/fondo-compensador.jpg\"><img loading=\"lazy\" class=\"aligncenter size-full wp-image-7757\" src=\"http:\/\/rurallascolonias.com.ar\/wp-content\/uploads\/2015\/08\/fondo-compensador.jpg\" alt=\"fondo compensador\" width=\"284\" height=\"177\" \/><\/a>La propuesta la hab\u00eda acercado APYMIL. La idea es poder lograr obtener los $ 1.000 millones que hoy le faltan al sector<\/em><\/strong><!--more--><\/p>\n<p>En principio durar\u00eda hasta fin de a\u00f1o. Ahora, deber\u00e1 ser sometido al criterio de las bases de cada una de las instituciones que hab\u00edan participado. Ayer no fueron ni el CIL ni la Junta Intercooperativa. CRA hab\u00eda renunciado.<br \/>\nTras tensas negociaciones (que implicaron la renuncia o la ausencia de varias entidades), se lleg\u00f3 a un punto de acuerdo en la Mesa T\u00e9cnica que intenta encontrar una soluci\u00f3n a la intensa crisis que vive el sector lechero. Finalmente, se acord\u00f3 avanzar con el fondo compensador para beneficiar al sector exportador, tal cual como lo hab\u00edan propuesto desde APYMEL. La semana pr\u00f3xima (probablemente el mi\u00e9rcoles) habr\u00e1 una nueva reuni\u00f3n, en donde se determinar\u00e1 si las bases le dieron el visto bueno a esta propuesta.<br \/>\nLa extensa reuni\u00f3n (se inici\u00f3 a las 10 y culmin\u00f3 cerca de las 17, en el Ministerio de Agricultura, con la presencia de la Secretar\u00eda de Comercio, la de Lecher\u00eda y personal propio del organismo anfitri\u00f3n) tuvo como preludio el encuentro del mi\u00e9rcoles, que termin\u00f3 defraudando a muchos. A partir de esa situaci\u00f3n, muchas instituciones eligieron directamente no presentarse en el d\u00eda como el CIL (ya no hab\u00eda estado en la del mi\u00e9rcoles) y la Junta Intercooperativa. CRA hab\u00eda emitido un comunicado en donde anunciaba su retiro de la mesa \u201cya que en este \u00e1mbito no se trabaja para resolver los urgentes problemas de la lecher\u00eda argentina\u201d. \u201cCRA hace responsable al Gobierno Nacional, a trav\u00e9s de sus interlocutores de la Subsecretar\u00eda de Lecher\u00eda del Ministerio de Agricultura y la Secretar\u00eda de Comercio dependiente del Ministerio de Econom\u00eda, por las consecuencias de no haber previsto la actual crisis internacional con impacto local ni implementado medidas efectivas para amortiguarla, errando el diagn\u00f3stico respecto al futuro inmediato del sector lechero con los efectos de acelerar la crisis sobre los tambos e industrias l\u00e1cteas\u201d, dec\u00edan. Fue la consecuencia de lo que desde el sector de la producci\u00f3n tambera entendieron como una \u201cmesa pol\u00edtica\u201d en lugar de una \u201cmesa t\u00e9cnica\u201d. ATILRA ya hab\u00eda anunciado que no participar\u00eda m\u00e1s porque la industria ya estaba escuchando a los tamberos y para que no se malinterpretara su presencia.<br \/>\nPero la reuni\u00f3n de ayer, de acuerdo a uno de los representantes de MEPROLSAFE (Mesa Provincial de Productores Lecheros de Santa Fe), tuvo otro cariz: por primera vez se pusieron los n\u00fameros sobre la mesa y en lugar de haber una discusi\u00f3n pol\u00edtica, se le dio una mirada mucho m\u00e1s t\u00e9cnica.<br \/>\nMart\u00edn Paroni, en di\u00e1logo con LA OPINION indic\u00f3 que en el encuentro (con una cantidad de integrantes mucho menor) \u201cse tom\u00f3 la propuesta de la Mesa de crear un fondo compensador. Todas las entidades recibieron las explicaciones necesarias y ahora se har\u00e1 una consulta a las bases para que se manifiesten a favor y en contra, tanto nosotros (MEPROLSAFE) como APYMEL. Tambi\u00e9n se le correr\u00e1 vista a la Junta Intercooperativa, y al CIL para que lo analicen\u201d. Ambos no hab\u00edan estado presentes por \u201cel trato\u201d recibido en la reuni\u00f3n t\u00e9cnica que, desde su punto de vista, fue pol\u00edtica.<br \/>\n\u201cEn la actualidad, faltan unos mil millones de pesos. Se pedir\u00eda que el Estado haga un aporte inicial y se desdoblar\u00eda el precio al productor. Aquellos que entregan a una planta que no exporta aportar\u00edan al fondo y aquellos que exportan, sacar\u00edan dinero para compensar los costos. El precio del litro de leche del mercado interno es de 3,20 y el del mercado externo 2,50. La idea es que se recomponga el segundo. Es preferible perder un 7, un 8 por ciento en un fondo compensador que un 50% en el mercado interno\u201d, indic\u00f3 Paroni a LA OPINION.<br \/>\nEl Fondo Compensador seguir\u00eda hasta fin de a\u00f1o, y en enero se ver\u00e1 c\u00f3mo se sigue. All\u00ed habr\u00e1 una evaluaci\u00f3n, con la experiencia del fondo en marcha. Tambi\u00e9n, en el caso de continuar en un futuro y los precios internacionales se reviertan, actuar\u00eda de forma inversa, subsidiando al tambero del mercado interno.<br \/>\nhttp:\/\/diariolaopinion.com.ar<\/p>\n","protected":false},"excerpt":{"rendered":"<p>La propuesta la hab\u00eda acercado APYMIL. La idea es poder lograr obtener los $ 1.000 millones que hoy le faltan al sector<\/p>\n","protected":false},"author":5,"featured_media":0,"comment_status":"open","ping_status":"open","sticky":false,"template":"","format":"standard","meta":[],"categories":[46],"tags":[2228,12],"_links":{"self":[{"href":"http:\/\/rurallascolonias.com.ar\/index.php?rest_route=\/wp\/v2\/posts\/7756"}],"collection":[{"href":"http:\/\/rurallascolonias.com.ar\/index.php?rest_route=\/wp\/v2\/posts"}],"about":[{"href":"http:\/\/rurallascolonias.com.ar\/index.php?rest_route=\/wp\/v2\/types\/post"}],"author":[{"embeddable":true,"href":"http:\/\/rurallascolonias.com.ar\/index.php?rest_route=\/wp\/v2\/users\/5"}],"replies":[{"embeddable":true,"href":"http:\/\/rurallascolonias.com.ar\/index.php?rest_route=%2Fwp%2Fv2%2Fcomments&post=7756"}],"version-history":[{"count":1,"href":"http:\/\/rurallascolonias.com.ar\/index.php?rest_route=\/wp\/v2\/posts\/7756\/revisions"}],"predecessor-version":[{"id":7758,"href":"http:\/\/rurallascolonias.com.ar\/index.php?rest_route=\/wp\/v2\/posts\/7756\/revisions\/7758"}],"wp:attachment":[{"href":"http:\/\/rurallascolonias.com.ar\/index.php?rest_route=%2Fwp%2Fv2%2Fmedia&parent=7756"}],"wp:term":[{"taxonomy":"category","embeddable":true,"href":"http:\/\/rurallascolonias.com.ar\/index.php?rest_route=%2Fwp%2Fv2%2Fcategories&post=7756"},{"taxonomy":"post_tag","embeddable":true,"href":"http:\/\/rurallascolonias.com.ar\/index.php?rest_route=%2Fwp%2Fv2%2Ftags&post=7756"}],"curies":[{"name":"wp","href":"https:\/\/api.w.org\/{rel}","templated":true}]}}