{"id":7746,"date":"2015-08-13T16:41:01","date_gmt":"2015-08-13T16:41:01","guid":{"rendered":"http:\/\/rurallascolonias.com.ar\/?p=7746"},"modified":"2015-08-13T16:41:01","modified_gmt":"2015-08-13T16:41:01","slug":"como-afecto-el-temporal-a-la-actividad-agropecuaria-de-santa-fe","status":"publish","type":"post","link":"http:\/\/rurallascolonias.com.ar\/?p=7746","title":{"rendered":"C\u00f3mo afect\u00f3 el temporal a la actividad agropecuaria de Santa Fe"},"content":{"rendered":"<p><strong><em><a href=\"http:\/\/rurallascolonias.com.ar\/wp-content\/uploads\/2015\/08\/inundaciones-4.jpg\"><img loading=\"lazy\" class=\"aligncenter size-full wp-image-7747\" src=\"http:\/\/rurallascolonias.com.ar\/wp-content\/uploads\/2015\/08\/inundaciones-4.jpg\" alt=\"inundaciones 4\" width=\"337\" height=\"149\" srcset=\"http:\/\/rurallascolonias.com.ar\/wp-content\/uploads\/2015\/08\/inundaciones-4.jpg 337w, http:\/\/rurallascolonias.com.ar\/wp-content\/uploads\/2015\/08\/inundaciones-4-300x133.jpg 300w\" sizes=\"(max-width: 337px) 100vw, 337px\" \/><\/a>A ra\u00edz de las inundaciones provocadas por las intensas lluvias de los \u00faltimos d\u00edas, se anegaron rutas y se registraron complicaciones en la actividad del campo<\/em><\/strong><!--more--><\/p>\n<p>A ra\u00edz de las inundaciones provocadas por las intensas lluvias de los \u00faltimos d\u00edas, se anegaron rutas y se registraron complicaciones en la actividad del campo.<\/p>\n<p>Roberto Tion\u200b, secretario del Sistema H\u00eddrico, Forestal y Minero de la provincia de Santa Fe, habl\u00f3 al respecto en Base de Datos, el programa econ\u00f3mico de Radio Meridiano (FM 107.1).<br \/>\nConsultado sobre si hay necesidad de evacuar zonas importantes dentro de la provincia de Santa Fe, el secretario explic\u00f3 que \u00abesta lluvia, en los mil\u00edmetros que ha ca\u00eddo en la zona del departamento Caseros y en toda esa parte de Rosario hacia el sur, no es algo normal en el mes de agosto, como ven\u00eda ocurriendo. En el mes de agosto, si tomamos el promedio de 10 a\u00f1os hacia atr\u00e1s, no se pasaban los 25 mil\u00edmetros. Inclusive hay datos de meses de agosto completos sin lluvia. Esta lluvia, que ha pasado en algunos lugares m\u00e1s de 100 mil\u00edmetros en un d\u00eda o en muy pocas horas de lluvia, ha ocasionado el escurrimiento de agua de forma brusca, sobre todo en las zonas del campo a la parte urbana\u00bb.<br \/>\nY ampli\u00f3: \u00abEn algunas ciudades y pueblos han tenido que evacuar familias. En el caso de la producci\u00f3n, es muy pronto para estimar p\u00e9rdidas en cuanto a los cultivos, en esa que es la zona triguera de la provincia de Santa Fe. Todav\u00eda es muy temprano para evaluar p\u00e9rdidas en algunos casos. En esta \u00e9poca, en invierno, la producci\u00f3n, no siendo una producci\u00f3n ganadera, de la agricultura se est\u00e1 preparando para la cosecha gruesa. Cosecha gruesa es ma\u00edz, girasol, y soja en sus porcentajes mayores\u00bb.<br \/>\nAdem\u00e1s cu\u00e1l es el nivel de afectaci\u00f3n de superficies y si es para tenerlo muy en cuenta, a lo que \u00e9l respondi\u00f3 que \u00abes importante, pero no es una zona baja. Lo que hoy pueda tener acumulaci\u00f3n de agua, en algunos campos que se puedan llegar a ver, lo que hoy vemos como \u201cespejos de agua\u201d, son las zonas m\u00e1s bajas de la producci\u00f3n. No es una zona muy baja la que est\u00e1 afectada. Obviamente que en una producci\u00f3n as\u00ed, se limita los pastoreos de invierno y los callejones, se limitan tambi\u00e9n los caminos para sacar la producci\u00f3n. Esto ocasiona inconvenientes, pero si hay p\u00e9rdidas en la producci\u00f3n todav\u00eda es muy temprano para analizarlo. De cualquier forma, el Ministerio de la Producci\u00f3n estar\u00eda el jueves con t\u00e9cnicos en la zona\u00bb.<br \/>\nEl secretario tambi\u00e9n destac\u00f3 la situaci\u00f3n del trigo, cultivo invernal y vigente de floraci\u00f3n. \u00abYa los datos de los informes lo han dicho antes, cuando hab\u00eda intenci\u00f3n de siembra de trigo en la provincia de Santa Fe, que no es una provincia muy triguera salvo de Rosario hacia el sur. All\u00ed se habla de hasta un 35% menos de \u00e1reas sembradas con trigo. De Santa Fe y Rosario para el norte, que no es una zona triguera, ya se habla de un 50% menos, o sea de una reducci\u00f3n importante de hect\u00e1reas sembradas con trigo\u00bb.<br \/>\nY concluy\u00f3: \u00abEso significa muchas cosas para la cadena productiva. Primero, no va a haber ingresos para el productor en diciembre, lo que era un anticipo al ejercicio de la cosecha gruesa de ma\u00edz, sorgo y soja. Otra cosa que se estaba haciendo con el trigo, a\u00fan con poca rentabilidad, era un manejo estrat\u00e9gico de la producci\u00f3n para mantener limpios los campos y controlar las malezas. Era importante la rotaci\u00f3n con trigo este \u00faltimo tiempo en la provincia de Santa Fe, para tener en el invierno del pr\u00f3ximo a\u00f1o ese grano disponible\u00bb.<\/p>\n<p>Fuente: Infocampo<\/p>\n","protected":false},"excerpt":{"rendered":"<p>A ra\u00edz de las inundaciones provocadas por las intensas lluvias de los \u00faltimos d\u00edas, se anegaron rutas y se registraron complicaciones en la actividad del campo<\/p>\n","protected":false},"author":5,"featured_media":0,"comment_status":"open","ping_status":"open","sticky":false,"template":"","format":"standard","meta":[],"categories":[14],"tags":[2226,111],"_links":{"self":[{"href":"http:\/\/rurallascolonias.com.ar\/index.php?rest_route=\/wp\/v2\/posts\/7746"}],"collection":[{"href":"http:\/\/rurallascolonias.com.ar\/index.php?rest_route=\/wp\/v2\/posts"}],"about":[{"href":"http:\/\/rurallascolonias.com.ar\/index.php?rest_route=\/wp\/v2\/types\/post"}],"author":[{"embeddable":true,"href":"http:\/\/rurallascolonias.com.ar\/index.php?rest_route=\/wp\/v2\/users\/5"}],"replies":[{"embeddable":true,"href":"http:\/\/rurallascolonias.com.ar\/index.php?rest_route=%2Fwp%2Fv2%2Fcomments&post=7746"}],"version-history":[{"count":1,"href":"http:\/\/rurallascolonias.com.ar\/index.php?rest_route=\/wp\/v2\/posts\/7746\/revisions"}],"predecessor-version":[{"id":7748,"href":"http:\/\/rurallascolonias.com.ar\/index.php?rest_route=\/wp\/v2\/posts\/7746\/revisions\/7748"}],"wp:attachment":[{"href":"http:\/\/rurallascolonias.com.ar\/index.php?rest_route=%2Fwp%2Fv2%2Fmedia&parent=7746"}],"wp:term":[{"taxonomy":"category","embeddable":true,"href":"http:\/\/rurallascolonias.com.ar\/index.php?rest_route=%2Fwp%2Fv2%2Fcategories&post=7746"},{"taxonomy":"post_tag","embeddable":true,"href":"http:\/\/rurallascolonias.com.ar\/index.php?rest_route=%2Fwp%2Fv2%2Ftags&post=7746"}],"curies":[{"name":"wp","href":"https:\/\/api.w.org\/{rel}","templated":true}]}}