{"id":7744,"date":"2015-08-13T16:34:38","date_gmt":"2015-08-13T16:34:38","guid":{"rendered":"http:\/\/rurallascolonias.com.ar\/?p=7744"},"modified":"2015-08-13T16:34:38","modified_gmt":"2015-08-13T16:34:38","slug":"a-pesar-de-la-promesa-el-gobierno-extendio-solo-por-junio-el-subsidio-de-30-ctvs-por-litro","status":"publish","type":"post","link":"http:\/\/rurallascolonias.com.ar\/?p=7744","title":{"rendered":"A pesar de la promesa, el Gobierno extendi\u00f3 s\u00f3lo por junio el subsidio de 30 ctvs por litro"},"content":{"rendered":"<h2><a href=\"http:\/\/rurallascolonias.com.ar\/wp-content\/uploads\/2014\/06\/productores-lecheros.jpg\"><img loading=\"lazy\" class=\"aligncenter size-full wp-image-2948\" src=\"http:\/\/rurallascolonias.com.ar\/wp-content\/uploads\/2014\/06\/productores-lecheros.jpg\" alt=\"productores lecheros\" width=\"300\" height=\"225\" \/><\/a>La pr\u00f3rroga de esta compensaci\u00f3n \u201cpara productores que entregan a la industria hasta 2.900 litros diarios\u201d, anunciada por la presidenta en cadena nacional por tres meses m\u00e1s (junio, julio y agosto), finalmente s\u00f3lo ser\u00e1 por el mes de junio, seg\u00fan se public\u00f3 en el Bolet\u00edn Oficial<\/h2>\n<p><!--more--><\/p>\n<p>El pasado <a href=\"http:\/\/nuestroagro.com.ar\/newsDetails.aspx?id=1945\">15 de julio<\/a>, los Ministerios de Econom\u00eda y de Agricultura comunicaban en conjunto en un parte oficial: \u201cse le dar\u00e1 continuidad por tres meses m\u00e1s al R\u00e9gimen de Recomposici\u00f3n del Peque\u00f1o Productor Lechero, que contempla un subsidio de 30 centavos por litro de leche para los productores que entregan a la industria hasta 2.900 litros diarios (\u2026) El Estado Nacional aportar\u00e1 en total 575 millones de pesos (\u2026) De 4.000 productores incluidos se ampl\u00eda el espectro a 9.200\u201d.<\/p>\n<p>Un d\u00eda despu\u00e9s, en oportunidad de la reapertura de Tecn\u00f3polis y por cadena nacional, la presidenta Cristina Fern\u00e1ndez de Kirchner ratificaba este <a href=\"http:\/\/www.casarosada.gob.ar\/informacion\/discursos\/28888-acto-de-inauguracion-de-la-quinta-edicion-de-tecnopolis-palabras-de-la-presidenta-de-la-nacion\">anuncio<\/a>, luego de acusar confusamente a la industria l\u00e1ctea de apropiarse del subsidio de 30 ctvs: \u201clos que industrializaban y los que tienen m\u00e1s fuerza y m\u00e1s poder de presi\u00f3n sobre los peque\u00f1os productores, eran los que se quedaban con los 30 centavos. Por eso, ahora vamos a llamar a 9.000 productores m\u00e1s y vamos a extender por tres meses m\u00e1s el programa para todo el sector tambero y, adem\u00e1s, vamos a trabajar con la AFIP en un sistema de inscripci\u00f3n para que llegue directamente a los tamberos y no se los quede nadie por el camino y en ning\u00fan otro mostrador\u201d.<\/p>\n<p>Pero ayer, casi un mes despu\u00e9s de estos anuncios, se public\u00f3 en el <a href=\"http:\/\/www.boletinoficial.gov.ar\/Inicio\/Index.castle\">Bolet\u00edn Oficial<\/a> otra cosa: \u201cresulta oportuno extender el beneficio del R\u00e9gimen al mes de junio de 2015, pudiendo dicho plazo ser prorrogado en lo sucesivo, cuando las circunstancias lo ameriten, mediante resoluci\u00f3n de la SECRETAR\u00cdA DE COMERCIO\u201d. Y se agrega: \u201cel beneficio contemplado en el presente R\u00e9gimen consiste en un aporte de PESOS CERO COMA TREINTA CENTAVOS ($ 0,30) por litro producido de leche cruda con destino a su industrializaci\u00f3n, en el per\u00edodo comprendido entre el mes de marzo y el mes de junio de 2015, pudiendo ser prorrogado mediante resoluci\u00f3n de la SECRETAR\u00cdA DE COMERCIO\u201d.<\/p>\n<p>Cabe se\u00f1alar que estas compensaciones se est\u00e1n abonando con 60 d\u00edas (o m\u00e1s) de retraso; es decir, en junio se cobr\u00f3 marzo y en julio se cobr\u00f3 abril, mientras que mayo a\u00fan no se pag\u00f3 y quienes deban cobrar por el mes de junio (seg\u00fan esta pr\u00f3rroga) tienen tiempo de cargar sus datos en el sistema hasta el 20 de agosto inclusive.<\/p>\n<p>Es llamativo adem\u00e1s, que en los considerandos de esta pr\u00f3rroga, el Gobierno nacional reconoce la crisis de la cadena l\u00e1ctea, algo que niega o minimiza en las reuniones t\u00e9cnicas que se est\u00e1n celebrando en Buenos Aires. Por ejemplo, en lo publicado ayer, el Gobierno admite que en lo que va de 2015 hubo \u00abuna reducci\u00f3n de las exportaciones l\u00e1cteas, tanto en la leche en polvo en 10,3%, como en el queso en 26,9%\u201d.<\/p>\n<p>Otro punto pol\u00e9mico de este subsidio es la cantidad de tamberos alcanzados con el beneficio. Mientras el Gobierno insiste en afirmar que son m\u00e1s de 9.000 los beneficiarios, la realidad indica que apenas fueron unos 3.000 tambos los que cobraron en el primer mes, y luego, producto de la recuperaci\u00f3n de la producci\u00f3n diaria de las explotaciones (que empezaron a superar los 2.900 litros diarios), este n\u00famero se achic\u00f3 incluso m\u00e1s. Tambi\u00e9n hubo problemas en la carga de datos por parte de las industrias, que informaron mal los litros y esto tambi\u00e9n retras\u00f3 los pagos.<\/p>\n<p><strong>Fuente: Nuestro Agro <\/strong><\/p>\n","protected":false},"excerpt":{"rendered":"<p>La pr\u00f3rroga de esta compensaci\u00f3n \u201cpara productores que entregan a la industria hasta 2.900 litros diarios\u201d, anunciada por la presidenta en cadena nacional por tres meses m\u00e1s (junio, julio y agosto), finalmente s\u00f3lo ser\u00e1 por el mes de junio, seg\u00fan se public\u00f3 en el Bolet\u00edn Oficial<\/p>\n","protected":false},"author":5,"featured_media":0,"comment_status":"open","ping_status":"open","sticky":false,"template":"","format":"standard","meta":[],"categories":[42],"tags":[1941,176,968],"_links":{"self":[{"href":"http:\/\/rurallascolonias.com.ar\/index.php?rest_route=\/wp\/v2\/posts\/7744"}],"collection":[{"href":"http:\/\/rurallascolonias.com.ar\/index.php?rest_route=\/wp\/v2\/posts"}],"about":[{"href":"http:\/\/rurallascolonias.com.ar\/index.php?rest_route=\/wp\/v2\/types\/post"}],"author":[{"embeddable":true,"href":"http:\/\/rurallascolonias.com.ar\/index.php?rest_route=\/wp\/v2\/users\/5"}],"replies":[{"embeddable":true,"href":"http:\/\/rurallascolonias.com.ar\/index.php?rest_route=%2Fwp%2Fv2%2Fcomments&post=7744"}],"version-history":[{"count":1,"href":"http:\/\/rurallascolonias.com.ar\/index.php?rest_route=\/wp\/v2\/posts\/7744\/revisions"}],"predecessor-version":[{"id":7745,"href":"http:\/\/rurallascolonias.com.ar\/index.php?rest_route=\/wp\/v2\/posts\/7744\/revisions\/7745"}],"wp:attachment":[{"href":"http:\/\/rurallascolonias.com.ar\/index.php?rest_route=%2Fwp%2Fv2%2Fmedia&parent=7744"}],"wp:term":[{"taxonomy":"category","embeddable":true,"href":"http:\/\/rurallascolonias.com.ar\/index.php?rest_route=%2Fwp%2Fv2%2Fcategories&post=7744"},{"taxonomy":"post_tag","embeddable":true,"href":"http:\/\/rurallascolonias.com.ar\/index.php?rest_route=%2Fwp%2Fv2%2Ftags&post=7744"}],"curies":[{"name":"wp","href":"https:\/\/api.w.org\/{rel}","templated":true}]}}