{"id":7741,"date":"2015-08-13T16:31:08","date_gmt":"2015-08-13T16:31:08","guid":{"rendered":"http:\/\/rurallascolonias.com.ar\/?p=7741"},"modified":"2015-08-13T16:31:08","modified_gmt":"2015-08-13T16:31:08","slug":"cese-de-comercializacion-agropecuario-del-24-al-28-de-agosto","status":"publish","type":"post","link":"http:\/\/rurallascolonias.com.ar\/?p=7741","title":{"rendered":"Cese de comercializaci\u00f3n agropecuario del 24 al 28 de agosto"},"content":{"rendered":"<p><strong><em><a href=\"http:\/\/rurallascolonias.com.ar\/wp-content\/uploads\/2015\/08\/cese-de-comercializaci\u00f3n-2.jpg\"><img loading=\"lazy\" class=\"aligncenter wp-image-7742 size-medium\" src=\"http:\/\/rurallascolonias.com.ar\/wp-content\/uploads\/2015\/08\/cese-de-comercializaci\u00f3n-2-300x170.jpg\" alt=\"cese de comercializaci\u00f3n 2\" width=\"300\" height=\"170\" srcset=\"http:\/\/rurallascolonias.com.ar\/wp-content\/uploads\/2015\/08\/cese-de-comercializaci\u00f3n-2-300x170.jpg 300w, http:\/\/rurallascolonias.com.ar\/wp-content\/uploads\/2015\/08\/cese-de-comercializaci\u00f3n-2.jpg 599w\" sizes=\"(max-width: 300px) 100vw, 300px\" \/><\/a>Sociedad Rural Argentina (SRA), Coninagro y Confederaciones Rurales Argentinas (CRA), integrantes de la Comisi\u00f3n de Enlace de Entidades Agropecuarias, anunciaron esta tarde un cese de comercializaci\u00f3n de todos los productos agropecuarios<\/em><\/strong><!--more--><\/p>\n<p>Esta acci\u00f3n gremial se iniciar\u00e1 el lunes 24 de agosto a las 00 horas y finalizar\u00e1 a las 24 horas del viernes 28 de agosto.<\/p>\n<p>La medida de fuerza abarca la comercializaci\u00f3n de granos y de todo tipo de ganado en pie, quedando excluidos del cese las producciones de las zonas afectadas por las inundaciones, y la comercializaci\u00f3n de productos perecederos.<\/p>\n<p>La decisi\u00f3n de realizar este cese de comercializaci\u00f3n se funda en la grav\u00edsima situaci\u00f3n en que se encuentran los productores y la total falta de respuesta por parte del Gobierno Nacional.<\/p>\n<p>La macro econom\u00eda que muestra una inflaci\u00f3n constante, de las m\u00e1s altas del mundo, costos siguiendo esta inflaci\u00f3n, mercados intervenidos, Roes a la ganader\u00eda, a los granos y a los l\u00e1cteos, que impiden la normal comercializaci\u00f3n y el funcionamiento de los mercados, falta de inversi\u00f3n en infraestructura y la asfixiante presi\u00f3n impositiva, tienen sumido a la producci\u00f3n en un estado desesperante, que moviliza a los productores a tomar medidas de fuerza.<\/p>\n<p>Ante los reclamos de cientos de asambleas, reuniones y movilizaciones y el silencio del Gobierno, el interior productivo para y pide: \u201cNo Maten Al Campo\u201d.<\/p>\n<p>&nbsp;<\/p>\n","protected":false},"excerpt":{"rendered":"<p>Sociedad Rural Argentina (SRA), Coninagro y Confederaciones Rurales Argentinas (CRA), integrantes de la Comisi\u00f3n de Enlace de Entidades Agropecuarias, anunciaron esta tarde un cese de comercializaci\u00f3n de todos los productos agropecuarios<\/p>\n","protected":false},"author":5,"featured_media":0,"comment_status":"open","ping_status":"open","sticky":false,"template":"","format":"standard","meta":[],"categories":[29],"tags":[2225],"_links":{"self":[{"href":"http:\/\/rurallascolonias.com.ar\/index.php?rest_route=\/wp\/v2\/posts\/7741"}],"collection":[{"href":"http:\/\/rurallascolonias.com.ar\/index.php?rest_route=\/wp\/v2\/posts"}],"about":[{"href":"http:\/\/rurallascolonias.com.ar\/index.php?rest_route=\/wp\/v2\/types\/post"}],"author":[{"embeddable":true,"href":"http:\/\/rurallascolonias.com.ar\/index.php?rest_route=\/wp\/v2\/users\/5"}],"replies":[{"embeddable":true,"href":"http:\/\/rurallascolonias.com.ar\/index.php?rest_route=%2Fwp%2Fv2%2Fcomments&post=7741"}],"version-history":[{"count":1,"href":"http:\/\/rurallascolonias.com.ar\/index.php?rest_route=\/wp\/v2\/posts\/7741\/revisions"}],"predecessor-version":[{"id":7743,"href":"http:\/\/rurallascolonias.com.ar\/index.php?rest_route=\/wp\/v2\/posts\/7741\/revisions\/7743"}],"wp:attachment":[{"href":"http:\/\/rurallascolonias.com.ar\/index.php?rest_route=%2Fwp%2Fv2%2Fmedia&parent=7741"}],"wp:term":[{"taxonomy":"category","embeddable":true,"href":"http:\/\/rurallascolonias.com.ar\/index.php?rest_route=%2Fwp%2Fv2%2Fcategories&post=7741"},{"taxonomy":"post_tag","embeddable":true,"href":"http:\/\/rurallascolonias.com.ar\/index.php?rest_route=%2Fwp%2Fv2%2Ftags&post=7741"}],"curies":[{"name":"wp","href":"https:\/\/api.w.org\/{rel}","templated":true}]}}