{"id":771,"date":"2014-01-04T18:10:28","date_gmt":"2014-01-04T18:10:28","guid":{"rendered":"http:\/\/rurallascolonias.com.ar\/?p=771"},"modified":"2014-01-04T18:10:28","modified_gmt":"2014-01-04T18:10:28","slug":"confirman-que-mercolactea-se-realizara-en-rosario","status":"publish","type":"post","link":"http:\/\/rurallascolonias.com.ar\/?p=771","title":{"rendered":"CONFIRMAN QUE MERCOL\u00c1CTEA SE REALIZAR\u00c1 EN ROSARIO"},"content":{"rendered":"<p><a href=\"http:\/\/rurallascolonias.com.ar\/wp-content\/uploads\/2014\/01\/Mercol\u00e1ctea-2.jpg\"><img loading=\"lazy\" class=\"aligncenter size-full wp-image-772\" alt=\"Mercol\u00e1ctea 2\" src=\"http:\/\/rurallascolonias.com.ar\/wp-content\/uploads\/2014\/01\/Mercol\u00e1ctea-2.jpg\" width=\"276\" height=\"183\" \/><\/a>Tras 13 a\u00f1os, San Francisco ya no ser\u00e1 la sede de este tradicional evento. El municipio intim\u00f3 al organizador y dice que hay un contrato.<!--more--><\/p>\n<p>La pr\u00f3xima edici\u00f3n de la muestra de lecher\u00eda Mercol\u00e1ctea no tendr\u00e1 como sede el predio de la Sociedad Rural de San Francisco. Desde hace varios d\u00edas circulaba la versi\u00f3n de que el evento, de trascendencia nacional e internacional, se mudar\u00eda a otra ciudad, posiblemente a Rosario.<\/p>\n<p>Ayer qued\u00f3 confirmado que la edici\u00f3n 2014 no ser\u00e1 en San Francisco, donde surgi\u00f3 el evento y se realiz\u00f3 durante 12 a\u00f1os.<\/p>\n<p>Seg\u00fan inform\u00f3 el sitio web regional Radiocanal, los organizadores no pagaron el alquiler del predio de la Sociedad Rural de la edici\u00f3n del a\u00f1o pasado y hab\u00edan mantenido una reuni\u00f3n con la intendenta de Rosario para efectuar all\u00ed la muestra de 2014.<\/p>\n<p>Sin embargo, desde la organizaci\u00f3n aseguran que no est\u00e1 confirmada cu\u00e1l ser\u00e1 la plaza que recibir\u00e1 a la exposici\u00f3n, que se llevar\u00e1 a cabo del 7 al 10 de mayo pr\u00f3ximo, seg\u00fan consta en la p\u00e1gina web de la exposici\u00f3n. Las alternativas son cuatro: Rosario, otra ciudad de Santa Fe y otros dos puntos de la provincia de Buenos Aires.<\/p>\n<p>No obstante, la feria regresar\u00e1 a San Francisco en su edici\u00f3n 2015 o 2016, ya que la decisi\u00f3n es convertirla en una exposici\u00f3n itinerante que recorra varias localidades del pa\u00eds, respondiendo a una exigencia de los expositores.<\/p>\n<p>\u201cHace tres a\u00f1os que los expositores nos piden una alternativa a la tradicional plaza de San Francisco. En respuesta a ese pedido es que decidimos que la edici\u00f3n 2014 se realice en otro lugar, pero con seguridad volveremos a San Francisco, porque es una ciudad que nos ha recibido siempre bien y que nos ha brindado todo su apoyo, tanto la Municipalidad como la Sociedad Rural\u201d, se\u00f1al\u00f3 Aldo Ferrari, director de Mercol\u00e1ctea.<\/p>\n<p>Si bien los organizadores de la muestra destacaron la buena relaci\u00f3n con el municipio y el apoyo recibido por parte de este para la realizaci\u00f3n de la feria en sus 13 a\u00f1os de historia, lo cierto es que la decisi\u00f3n de mudarla no cay\u00f3 nada bien en la Municipalidad de San Francisco.<\/p>\n<p>Al conocerse la noticia, las autoridades locales enviaron el viernes 27 de diciembre una carta documento a la organizaci\u00f3n para que comunique formalmente, en el t\u00e9rmino de siete d\u00edas h\u00e1biles, la decisi\u00f3n de trasladar la muestra, debido a que existe un contrato para hacer la exposici\u00f3n este a\u00f1o.<\/p>\n<p>El malestar obedece, adem\u00e1s, a que los organizadores recibieron aportes econ\u00f3micos oficiales para solventar parte de los gastos de este evento, una ayuda en la que tambi\u00e9n suele participar la Provincia y que se replica con otras muestras de agro.<\/p>\n<p>De acuerdo con lo que indican los medios de comunicaci\u00f3n sanfrancisque\u00f1os, tanto desde la Sociedad Rural como de la Municipalidad trabajan para sustituir la Mercol\u00e1ctea con un evento de similar proyecci\u00f3n.<\/p>\n<p>En primer lugar, fortalecer\u00e1n los ya existentes y sumar\u00e1n nuevas exposiciones. Entre las alternativas ya confirmadas, se encuentra la realizaci\u00f3n de la Feria Tradicional de San Francisco, un festival de doma y \u2028folklore que se llevar\u00e1 a cabo el \u00faltimo fin de semana de abril.<\/p>\n<p>Incluso, no se descarta la realizaci\u00f3n de una muestra vinculada con la lecher\u00eda. En la regi\u00f3n, la competencia es la Muestra Integral de Lecher\u00eda (MIL), con sede en Morteros.<\/p>\n<p>La Mercol\u00e1ctea hab\u00eda comenzado a perder presencia en las \u00faltimas ediciones, cuando dejaron de participar algunas de las usinas l\u00e1cteas m\u00e1s importantes. Adem\u00e1s, algunos citan que el acompa\u00f1amiento de la gente no era el de los primeros a\u00f1os.<\/p>\n<p>Desde su primera edici\u00f3n en 2001, la muestra se constituy\u00f3 como uno de los principales eventos de San Francisco, al convocar a miles de personas.<\/p>\n<p>Fuente: Infocampo<\/p>\n","protected":false},"excerpt":{"rendered":"<p>Tras 13 a\u00f1os, San Francisco ya no ser\u00e1 la sede de este tradicional evento. El municipio intim\u00f3 al organizador y dice que hay un contrato.<\/p>\n","protected":false},"author":5,"featured_media":0,"comment_status":"closed","ping_status":"closed","sticky":false,"template":"","format":"standard","meta":[],"categories":[14],"tags":[273,307],"_links":{"self":[{"href":"http:\/\/rurallascolonias.com.ar\/index.php?rest_route=\/wp\/v2\/posts\/771"}],"collection":[{"href":"http:\/\/rurallascolonias.com.ar\/index.php?rest_route=\/wp\/v2\/posts"}],"about":[{"href":"http:\/\/rurallascolonias.com.ar\/index.php?rest_route=\/wp\/v2\/types\/post"}],"author":[{"embeddable":true,"href":"http:\/\/rurallascolonias.com.ar\/index.php?rest_route=\/wp\/v2\/users\/5"}],"replies":[{"embeddable":true,"href":"http:\/\/rurallascolonias.com.ar\/index.php?rest_route=%2Fwp%2Fv2%2Fcomments&post=771"}],"version-history":[{"count":1,"href":"http:\/\/rurallascolonias.com.ar\/index.php?rest_route=\/wp\/v2\/posts\/771\/revisions"}],"predecessor-version":[{"id":773,"href":"http:\/\/rurallascolonias.com.ar\/index.php?rest_route=\/wp\/v2\/posts\/771\/revisions\/773"}],"wp:attachment":[{"href":"http:\/\/rurallascolonias.com.ar\/index.php?rest_route=%2Fwp%2Fv2%2Fmedia&parent=771"}],"wp:term":[{"taxonomy":"category","embeddable":true,"href":"http:\/\/rurallascolonias.com.ar\/index.php?rest_route=%2Fwp%2Fv2%2Fcategories&post=771"},{"taxonomy":"post_tag","embeddable":true,"href":"http:\/\/rurallascolonias.com.ar\/index.php?rest_route=%2Fwp%2Fv2%2Ftags&post=771"}],"curies":[{"name":"wp","href":"https:\/\/api.w.org\/{rel}","templated":true}]}}