{"id":7642,"date":"2015-08-06T15:00:57","date_gmt":"2015-08-06T15:00:57","guid":{"rendered":"http:\/\/rurallascolonias.com.ar\/?p=7642"},"modified":"2015-08-06T16:02:16","modified_gmt":"2015-08-06T16:02:16","slug":"el-gobierno-dice-que-las-industrias-no-bajaran-el-precio-pero-las-lacteas-opinan-otra-cosa","status":"publish","type":"post","link":"http:\/\/rurallascolonias.com.ar\/?p=7642","title":{"rendered":"El Gobierno dice que las industrias no bajar\u00e1n el precio, pero las l\u00e1cteas opinan otra cosa"},"content":{"rendered":"<p><strong><em><\/em><\/strong><\/p>\n<h2><a href=\"http:\/\/rurallascolonias.com.ar\/wp-content\/uploads\/2015\/08\/COSTA.jpg\"><img loading=\"lazy\" class=\"aligncenter size-full wp-image-7643\" src=\"http:\/\/rurallascolonias.com.ar\/wp-content\/uploads\/2015\/08\/COSTA.jpg\" alt=\"COSTA\" width=\"225\" height=\"225\" srcset=\"http:\/\/rurallascolonias.com.ar\/wp-content\/uploads\/2015\/08\/COSTA.jpg 225w, http:\/\/rurallascolonias.com.ar\/wp-content\/uploads\/2015\/08\/COSTA-150x150.jpg 150w\" sizes=\"(max-width: 225px) 100vw, 225px\" \/><\/a>Seg\u00fan un comunicado de MEPROLSAFE, \u00abdespu\u00e9s de una extensa reuni\u00f3n el Sub Secretario de Comercio nos asegur\u00f3 que la producci\u00f3n de julio no sufrir\u00eda bajas en su precio\u00bb. Incluso se alienta a los productores a denunciar a las industrias ante la Secretar\u00eda de Comercio para aplicar eventuales sanciones<\/h2>\n<p><!--more--><\/p>\n<p>Sin dudas que las realidades de las industrias grandes y peque\u00f1as son diversas, al igual que el margen de maniobra que tienen aquellas que poseen un mix de productos, de los que s\u00f3lo exportan o se dedican 100% al mercado interno. Pero seg\u00fan se desprende de sendos comunicados del CIL y Apymel (cada uno por su lado), la situaci\u00f3n no ha cambiado en nada desde el 23 de julio, momento en el que se firm\u00f3 un acta acuerdo para \u201cprocurar acercase a los precios de junio, seg\u00fan las posibilidades y realidades de cada empresa\u201d. Por el contrario, \u201cla realidad est\u00e1 mostrando que no se podr\u00e1 hacer nada por parte de la industria por la tendencia a la baja de los precios de la materia prima\u201d, afirman desde el CIL.<\/p>\n<p>En tanto, APYMEL carg\u00f3 duro en un comunicado contra el secretario general de ATILRA, H\u00e9ctor Ponce, por sus dichos en CN23, desde donde fustig\u00f3 a la entidad por no firmar el acuerdo paritario del gremio (31% de aumento). Las pymes opinan que en estos momentos, el mayor compromiso est\u00e1 puesto en \u201cel trabajo y la actividad econ\u00f3mica de decenas de peque\u00f1os pueblos del interior profundo; nuestra prioridad es mantener las f\u00e1bricas abiertas para sostener el empleo en estos peque\u00f1os pueblos\u201d.<\/p>\n<p>Pero lo llamativo de estos comunicados es que todos estuvieron ayer cara a cara y sin embargo los mensajes que se emiten difieren: mientras los productores y el Gobierno afirman que la industria no bajar\u00e1 los precios en las liquidaciones que se informar\u00e1n la semana pr\u00f3xima, las industrias nop dejan lugar a dudas y deslizan que la baja no se puede evitar; que simplemente no env\u00edan las liquidaciones a\u00fan, porque el Gobierno habr\u00eda pedido pasar las elecciones en paz.<\/p>\n<p>En este sentido, MEPROLSAFE sorprendi\u00f3 con un comunicado que muestra a un Gobierno interpretando otra pel\u00edcula: \u201cDespu\u00e9s de una extensa reuni\u00f3n el Sub Secretario de Comercio nos asegur\u00f3 que la producci\u00f3n de julio no sufrir\u00eda bajas en su precio pagado a productor ya que seg\u00fan los datos oficiales la industria est\u00e1 en condiciones de pagarlos y aquel productor que no perciba dicho precio debe denunciarlo ante la Secretaria de Comercio, la cual actuar\u00eda sobre la industria que no cumpliera\u201d. No se entiende muy bien a qu\u00e9 precio se refiere, pero lo cierto es que el mensaje del Gobierno fue contundente.<\/p>\n<p>En cambio desde el CIL afirman: \u201cTras las reuniones generadas a partir del Acta acuerdo se ha avanzado en algunos aspectos por la intervenci\u00f3n de las Autoridades Nacionales, sin que se vea la luz al final del t\u00fanel\u201d.<\/p>\n<p><strong>Fuente: Nuestro Agro (Gustavo Gigena)<\/strong><\/p>\n","protected":false},"excerpt":{"rendered":"<p>Seg\u00fan un comunicado de MEPROLSAFE, \u00abdespu\u00e9s de una extensa reuni\u00f3n el Sub Secretario de Comercio nos asegur\u00f3 que la producci\u00f3n de julio no sufrir\u00eda bajas en su precio\u00bb. Incluso se alienta a los productores a denunciar a las industrias ante la Secretar\u00eda de Comercio para aplicar eventuales sanciones<\/p>\n","protected":false},"author":5,"featured_media":0,"comment_status":"open","ping_status":"open","sticky":false,"template":"","format":"standard","meta":[],"categories":[46],"tags":[566],"_links":{"self":[{"href":"http:\/\/rurallascolonias.com.ar\/index.php?rest_route=\/wp\/v2\/posts\/7642"}],"collection":[{"href":"http:\/\/rurallascolonias.com.ar\/index.php?rest_route=\/wp\/v2\/posts"}],"about":[{"href":"http:\/\/rurallascolonias.com.ar\/index.php?rest_route=\/wp\/v2\/types\/post"}],"author":[{"embeddable":true,"href":"http:\/\/rurallascolonias.com.ar\/index.php?rest_route=\/wp\/v2\/users\/5"}],"replies":[{"embeddable":true,"href":"http:\/\/rurallascolonias.com.ar\/index.php?rest_route=%2Fwp%2Fv2%2Fcomments&post=7642"}],"version-history":[{"count":1,"href":"http:\/\/rurallascolonias.com.ar\/index.php?rest_route=\/wp\/v2\/posts\/7642\/revisions"}],"predecessor-version":[{"id":7644,"href":"http:\/\/rurallascolonias.com.ar\/index.php?rest_route=\/wp\/v2\/posts\/7642\/revisions\/7644"}],"wp:attachment":[{"href":"http:\/\/rurallascolonias.com.ar\/index.php?rest_route=%2Fwp%2Fv2%2Fmedia&parent=7642"}],"wp:term":[{"taxonomy":"category","embeddable":true,"href":"http:\/\/rurallascolonias.com.ar\/index.php?rest_route=%2Fwp%2Fv2%2Fcategories&post=7642"},{"taxonomy":"post_tag","embeddable":true,"href":"http:\/\/rurallascolonias.com.ar\/index.php?rest_route=%2Fwp%2Fv2%2Ftags&post=7642"}],"curies":[{"name":"wp","href":"https:\/\/api.w.org\/{rel}","templated":true}]}}