{"id":7624,"date":"2015-08-05T17:53:05","date_gmt":"2015-08-05T17:53:05","guid":{"rendered":"http:\/\/rurallascolonias.com.ar\/?p=7624"},"modified":"2015-08-05T17:53:05","modified_gmt":"2015-08-05T17:53:05","slug":"representantes-de-la-mesa-de-enlace-acompanan-el-reclamo-de-los-productores-del-noa","status":"publish","type":"post","link":"http:\/\/rurallascolonias.com.ar\/?p=7624","title":{"rendered":"Representantes de la Mesa de Enlace acompa\u00f1an el reclamo de los productores del NOA"},"content":{"rendered":"<p><strong><em><a href=\"http:\/\/rurallascolonias.com.ar\/wp-content\/uploads\/2015\/08\/productores-del-NOA.jpg\"><img loading=\"lazy\" class=\"aligncenter wp-image-7625 size-medium\" src=\"http:\/\/rurallascolonias.com.ar\/wp-content\/uploads\/2015\/08\/productores-del-NOA-300x170.jpg\" alt=\"productores del NOA\" width=\"300\" height=\"170\" srcset=\"http:\/\/rurallascolonias.com.ar\/wp-content\/uploads\/2015\/08\/productores-del-NOA-300x170.jpg 300w, http:\/\/rurallascolonias.com.ar\/wp-content\/uploads\/2015\/08\/productores-del-NOA-600x340.jpg 600w, http:\/\/rurallascolonias.com.ar\/wp-content\/uploads\/2015\/08\/productores-del-NOA.jpg 615w\" sizes=\"(max-width: 300px) 100vw, 300px\" \/><\/a>El presidente de CRA, Rub\u00e9n Ferrero junto a Luis Miguel Etchevere y Marco Giraudo brindar\u00e1n una conferencia de prensa en las instalaciones de la Sociedad Rural Salte\u00f1a<\/em><\/strong><!--more--><\/p>\n<p>En el marco de las acciones de protesta de productores agropecuarios que se desarrollan en distintas provincias, estar\u00e1n acompa\u00f1ando en Salta Luis Miguel Etchevehere, presidente de la Sociedad Rural Argentina; Rub\u00e9n Ferrero, presidente de Confederaciones Rurales Argentina; y Marco Giraudo, integrante de la Comisi\u00f3n Directiva de Coninagro.<\/p>\n<p>A las 9 horas, los dirigentes brindar\u00e1n una conferencia de prensa en las instalaciones de la Sociedad Rural Salte\u00f1a y luego se dirigir\u00e1n a la localidad de Yatasto, en el departamento salte\u00f1o de Met\u00e1n.<\/p>\n<p>En ese lugar -en el cual acampan, a la vera de la ruta nacional 34, desde hace varios d\u00edas productores del sur de Salta- se realizar\u00e1 una asamblea de la que participar\u00e1n productores de Salta, Jujuy, Tucum\u00e1n y Santiago del Estero.\u00a0Se estima que la asamblea dar\u00e1 comienzo pasado el mediod\u00eda, de manera tal que puedan llegar los productores de las zonas m\u00e1s alejadas.<\/p>\n<p>Por su parte, el dirigente de CRA,\u00a0Carlos Seg\u00f3n, asegur\u00f3 que \u201ctodas las medidas anunciadas por el gobernador son est\u00e9riles\u201d.<\/p>\n<p>\u201cLa \u00fanica alternativa a esta situaci\u00f3n de crisis de las econom\u00edas regionales es que el se\u00f1or Gobernador se haga cargo de la gesti\u00f3n provincial, se junte con los gobernadores del NOA y vayan a hablar personalmente con la presidenta Cristina Fern\u00e1ndez\u201d, consider\u00f3 Seg\u00f3n.<\/p>\n<p>El ruralista confirm\u00f3 que, de lo contrario, \u201cmuchos productores no van a sembrar porque no est\u00e1n en condiciones econ\u00f3micas\u201d. \u201cNo hay plata para sembrar y no s\u00e9 c\u00f3mo vamos a hacer para pagar los sueldos porque el mes pr\u00f3ximo empezar\u00e1 a regir el nuevo salario rural, con un incremento de entre el 30% y el 32%\u201d.<\/p>\n","protected":false},"excerpt":{"rendered":"<p>El presidente de CRA, Rub\u00e9n Ferrero junto a Luis Miguel Etchevere y Marco Giraudo brindar\u00e1n una conferencia de prensa en las instalaciones de la Sociedad Rural Salte\u00f1a<\/p>\n","protected":false},"author":5,"featured_media":0,"comment_status":"open","ping_status":"open","sticky":false,"template":"","format":"standard","meta":[],"categories":[42],"tags":[34,2211,150],"_links":{"self":[{"href":"http:\/\/rurallascolonias.com.ar\/index.php?rest_route=\/wp\/v2\/posts\/7624"}],"collection":[{"href":"http:\/\/rurallascolonias.com.ar\/index.php?rest_route=\/wp\/v2\/posts"}],"about":[{"href":"http:\/\/rurallascolonias.com.ar\/index.php?rest_route=\/wp\/v2\/types\/post"}],"author":[{"embeddable":true,"href":"http:\/\/rurallascolonias.com.ar\/index.php?rest_route=\/wp\/v2\/users\/5"}],"replies":[{"embeddable":true,"href":"http:\/\/rurallascolonias.com.ar\/index.php?rest_route=%2Fwp%2Fv2%2Fcomments&post=7624"}],"version-history":[{"count":1,"href":"http:\/\/rurallascolonias.com.ar\/index.php?rest_route=\/wp\/v2\/posts\/7624\/revisions"}],"predecessor-version":[{"id":7626,"href":"http:\/\/rurallascolonias.com.ar\/index.php?rest_route=\/wp\/v2\/posts\/7624\/revisions\/7626"}],"wp:attachment":[{"href":"http:\/\/rurallascolonias.com.ar\/index.php?rest_route=%2Fwp%2Fv2%2Fmedia&parent=7624"}],"wp:term":[{"taxonomy":"category","embeddable":true,"href":"http:\/\/rurallascolonias.com.ar\/index.php?rest_route=%2Fwp%2Fv2%2Fcategories&post=7624"},{"taxonomy":"post_tag","embeddable":true,"href":"http:\/\/rurallascolonias.com.ar\/index.php?rest_route=%2Fwp%2Fv2%2Ftags&post=7624"}],"curies":[{"name":"wp","href":"https:\/\/api.w.org\/{rel}","templated":true}]}}