{"id":7612,"date":"2015-08-04T15:57:32","date_gmt":"2015-08-04T15:57:32","guid":{"rendered":"http:\/\/rurallascolonias.com.ar\/?p=7612"},"modified":"2015-08-04T15:57:32","modified_gmt":"2015-08-04T15:57:32","slug":"la-mesa-de-enlace-respaldo-las-movilizaciones-en-salta-y-otros-puntos-del-pais","status":"publish","type":"post","link":"http:\/\/rurallascolonias.com.ar\/?p=7612","title":{"rendered":"La Mesa de Enlace respald\u00f3 las movilizaciones en Salta y otros puntos del pa\u00eds"},"content":{"rendered":"<p><em><strong><a href=\"http:\/\/rurallascolonias.com.ar\/wp-content\/uploads\/2015\/08\/movilizaciones-2.jpg\"><img loading=\"lazy\" class=\"aligncenter size-full wp-image-7613\" src=\"http:\/\/rurallascolonias.com.ar\/wp-content\/uploads\/2015\/08\/movilizaciones-2.jpg\" alt=\"movilizaciones 2\" width=\"300\" height=\"168\" \/><\/a>El nucleamiento rural expres\u00f3 en un comunicado que \u00bbel 5 de agosto est\u00e1n previstas diferentes actividades en relaci\u00f3n con estas problem\u00e1ticas\u00bb<\/strong><\/em><!--more--><\/p>\n<p>La Mesa de Enlace respald\u00f3 hoy las movilizaciones que est\u00e1n realizando en distintos puntos del pa\u00eds, los productores rurales para reclamar cambios en la pol\u00edtica rural oficial. En un comunicado conjunto la Sociedad Rural Argentina (SRA), Confederaciones Rurarles Argentinas (CRA) y la Confederaci\u00f3n de Intercooperativas Agropecuarias (CONINAGRO), salieron a apoyar los reclamos y concentraciones que realizan distintas organizaciones de productores en todo el pa\u00eds.<\/p>\n<p>La Mesa de Enlace dio su respaldo al acto que hicieron los productores en Salta \u00bbcon un camionetazo y cacerolazo en reclamo a soluciones frente a la Casa de Gobierno de esa provincia y la AFIP. En Tucum\u00e1n, los productores est\u00e1n protestando en la ruta 34 (a la altura de la localidad 7 de abril). En C\u00f3rdoba los productores est\u00e1n en Asamblea en la ruta, en Despe\u00f1aderos, a 50 km de la capital provincial\u00bb.<\/p>\n<p>&#8216;SRA, CRA y CONINAGRO acompa\u00f1an estas movilizaciones que expresan la terrible situaci\u00f3n que soporta el <a href=\"http:\/\/www.eltribuno.info\/campo-a33412\" rel=\"33412\">campo<\/a>, incluso antes de la fecha prevista para comenzar con las distintas acciones\u00bb. El nucleamiento rural expres\u00f3 que \u00bbel 5 de agosto est\u00e1n previstas diferentes actividades en relaci\u00f3n con estas problem\u00e1ticas\u00bb. Finalmente, destacaron que \u00bbla semana pr\u00f3xima se redefinir\u00e1n las acciones de propuestas y reclamos del sector tendientes a lograr un cambio urgente de la pol\u00edtica que lo afecta\u00bb.<\/p>\n<p>Fuente: El Tribuno<\/p>\n","protected":false},"excerpt":{"rendered":"<p>El nucleamiento rural expres\u00f3 en un comunicado que \u00bbel 5 de agosto est\u00e1n previstas diferentes actividades en relaci\u00f3n con estas problem\u00e1ticas\u00bb<\/p>\n","protected":false},"author":5,"featured_media":0,"comment_status":"open","ping_status":"open","sticky":false,"template":"","format":"standard","meta":[],"categories":[42],"tags":[34,2177],"_links":{"self":[{"href":"http:\/\/rurallascolonias.com.ar\/index.php?rest_route=\/wp\/v2\/posts\/7612"}],"collection":[{"href":"http:\/\/rurallascolonias.com.ar\/index.php?rest_route=\/wp\/v2\/posts"}],"about":[{"href":"http:\/\/rurallascolonias.com.ar\/index.php?rest_route=\/wp\/v2\/types\/post"}],"author":[{"embeddable":true,"href":"http:\/\/rurallascolonias.com.ar\/index.php?rest_route=\/wp\/v2\/users\/5"}],"replies":[{"embeddable":true,"href":"http:\/\/rurallascolonias.com.ar\/index.php?rest_route=%2Fwp%2Fv2%2Fcomments&post=7612"}],"version-history":[{"count":1,"href":"http:\/\/rurallascolonias.com.ar\/index.php?rest_route=\/wp\/v2\/posts\/7612\/revisions"}],"predecessor-version":[{"id":7614,"href":"http:\/\/rurallascolonias.com.ar\/index.php?rest_route=\/wp\/v2\/posts\/7612\/revisions\/7614"}],"wp:attachment":[{"href":"http:\/\/rurallascolonias.com.ar\/index.php?rest_route=%2Fwp%2Fv2%2Fmedia&parent=7612"}],"wp:term":[{"taxonomy":"category","embeddable":true,"href":"http:\/\/rurallascolonias.com.ar\/index.php?rest_route=%2Fwp%2Fv2%2Fcategories&post=7612"},{"taxonomy":"post_tag","embeddable":true,"href":"http:\/\/rurallascolonias.com.ar\/index.php?rest_route=%2Fwp%2Fv2%2Ftags&post=7612"}],"curies":[{"name":"wp","href":"https:\/\/api.w.org\/{rel}","templated":true}]}}