{"id":7599,"date":"2015-08-03T18:25:22","date_gmt":"2015-08-03T18:25:22","guid":{"rendered":"http:\/\/rurallascolonias.com.ar\/?p=7599"},"modified":"2015-08-03T18:25:22","modified_gmt":"2015-08-03T18:25:22","slug":"productores-lecheros-desconfian-del-acuerdo-entre-empresas-y-trabajadores-2","status":"publish","type":"post","link":"http:\/\/rurallascolonias.com.ar\/?p=7599","title":{"rendered":"Productores lecheros desconf\u00edan del acuerdo entre empresas y trabajadores"},"content":{"rendered":"<p><strong><em>La asociaci\u00f3n que los nuclea sostiene que \u00abno consiste en nada\u00bb<\/em><\/strong><\/p>\n<p><a href=\"http:\/\/rurallascolonias.com.ar\/wp-content\/uploads\/2015\/08\/productores-lecheros.jpg\"><img loading=\"lazy\" class=\"aligncenter size-full wp-image-7600\" src=\"http:\/\/rurallascolonias.com.ar\/wp-content\/uploads\/2015\/08\/productores-lecheros.jpg\" alt=\"productores lecheros\" width=\"337\" height=\"149\" srcset=\"http:\/\/rurallascolonias.com.ar\/wp-content\/uploads\/2015\/08\/productores-lecheros.jpg 337w, http:\/\/rurallascolonias.com.ar\/wp-content\/uploads\/2015\/08\/productores-lecheros-300x133.jpg 300w\" sizes=\"(max-width: 337px) 100vw, 337px\" \/><\/a>El presidente de la Asociaci\u00f3n de Productores Lecheros (APL), Ra\u00fal Cata, sostuvo que el \u00faltimo \u00abacuerdo\u00bb l\u00e1cteo despu\u00e9s del bloqueo de los trabajadores de la industria a las plantas elaboradoras \u00abno consiste en nada\u00bb. <!--more--><\/p>\n<p>Cata explic\u00f3 que \u00abel acuerdo no consiste en nada, no es claro. Algunas instituciones gremiales decidieron sentarse a una mesa, pero el planteo de los problemas los productores lo venimos haciendo desde el a\u00f1o 2011, mientras que la industria lechera parece creer que no hay ning\u00fan problema\u00bb, seg\u00fan public\u00f3 el sitio <a href=\"http:\/\/www.mdzol.com\/nota\/621145-productores-lecheros-desconfian-del-acuerdo\/\">Mdzol.com<\/a>.<\/p>\n<p>\u00abAhora en el acuerdo, lo \u00fanico que se resalta es que se van a sentar a una mesa de di\u00e1logo\u00bb, dijo a la emisora argentino-uruguaya Radio Colonia. El dirigente expres\u00f3 que \u00abel tambero hoy cobra 3 pesos el litro de leche, tras la baja de precios anunciada de noviembre pasado, que llev\u00f3 en forma retroactiva desde 3,30 pesos a 3 pesos el litro\u00bb.<\/p>\n<p>Luego indic\u00f3 que \u00aben marzo del a\u00f1o pasado la Mesa Nacional Lechera pidi\u00f3 el mismo precio de los uruguayos, de 0,45 d\u00f3lares el litro, alrededor de 3,60 pesos. Pero entonces se dijo que si pagaban m\u00e1s de 3 pesos, autoridades les cerraban las exportaciones, no les daban los permisos de exportaci\u00f3n\u00bb.<\/p>\n<p>\u00abAhora se ve la explosi\u00f3n de los problemas. Pasa con las av\u00edcolas y en la leche se produce hasta la intervenci\u00f3n del gremio de los obreros de las empresas procesadoras. El problema tambi\u00e9n, es que en Argentina hay 34.000 empleados, mientras que en Nueva Zelanda, que procesa el doble, hay 10.000\u00bb, manifest\u00f3.<\/p>\n<p>El dirigente se\u00f1al\u00f3 que \u00abpor eso, \u00e9ste es un proceso mucho m\u00e1s serio que tres camiones tirando litros de leche en la banquina\u00bb, y a\u00f1adi\u00f3 que \u00abahora se anunci\u00f3 que la nueva baja de precios no se va a realizar. Se anunciaba una baja de 10 %, es decir de 0,30 centavos, que iban a llevar la leche de 3 a 2,70 pesos el litro, en tranquera de tambo\u00bb.<\/p>\n<p>Aclar\u00f3 que \u00abesto es lo que dec\u00edan las empresas, aunque nunca se anunci\u00f3 por escrito. Es una aberraci\u00f3n, porque el precio ya est\u00e1 congelado virtualmente desde marzo del a\u00f1o pasado\u00bb.<\/p>\n<p>Tambi\u00e9n destac\u00f3 que \u00aben septiembre de 2014 la tonelada de leche en polvo a precio internacional era de 5.000 d\u00f3lares, y hoy cay\u00f3 a 2.000 d\u00f3lares. Hubo una brutal baja, pero cuando se pagaba la tonelada 5.000 d\u00f3lares no nos pagaban 5 pesos el litro de leche, que era lo que ten\u00eda que haber sido. Por eso, la situaci\u00f3n de conflicto tiene factores m\u00faltiples\u00bb.<\/p>\n<p>Por \u00faltimo Cata asegur\u00f3 que \u00abel problema no son los 0,30 pesos. Es mucho m\u00e1s serio. As\u00ed, Argentina no est\u00e1 capacitada para producir leche y exportarla. Estamos sobredimensionados en la estructura de empleados y sin ning\u00fan resultado. Va a ser casi imposible\u00bb.<\/p>\n","protected":false},"excerpt":{"rendered":"<p>La asociaci\u00f3n que los nuclea sostiene que \u00abno consiste en nada\u00bb El presidente de la Asociaci\u00f3n de Productores Lecheros (APL), Ra\u00fal Cata, sostuvo que el \u00faltimo \u00abacuerdo\u00bb l\u00e1cteo despu\u00e9s del bloqueo de los trabajadores de la industria a las plantas elaboradoras \u00abno consiste en nada\u00bb.<\/p>\n","protected":false},"author":5,"featured_media":0,"comment_status":"open","ping_status":"open","sticky":false,"template":"","format":"standard","meta":[],"categories":[46],"tags":[2205,2206],"_links":{"self":[{"href":"http:\/\/rurallascolonias.com.ar\/index.php?rest_route=\/wp\/v2\/posts\/7599"}],"collection":[{"href":"http:\/\/rurallascolonias.com.ar\/index.php?rest_route=\/wp\/v2\/posts"}],"about":[{"href":"http:\/\/rurallascolonias.com.ar\/index.php?rest_route=\/wp\/v2\/types\/post"}],"author":[{"embeddable":true,"href":"http:\/\/rurallascolonias.com.ar\/index.php?rest_route=\/wp\/v2\/users\/5"}],"replies":[{"embeddable":true,"href":"http:\/\/rurallascolonias.com.ar\/index.php?rest_route=%2Fwp%2Fv2%2Fcomments&post=7599"}],"version-history":[{"count":1,"href":"http:\/\/rurallascolonias.com.ar\/index.php?rest_route=\/wp\/v2\/posts\/7599\/revisions"}],"predecessor-version":[{"id":7601,"href":"http:\/\/rurallascolonias.com.ar\/index.php?rest_route=\/wp\/v2\/posts\/7599\/revisions\/7601"}],"wp:attachment":[{"href":"http:\/\/rurallascolonias.com.ar\/index.php?rest_route=%2Fwp%2Fv2%2Fmedia&parent=7599"}],"wp:term":[{"taxonomy":"category","embeddable":true,"href":"http:\/\/rurallascolonias.com.ar\/index.php?rest_route=%2Fwp%2Fv2%2Fcategories&post=7599"},{"taxonomy":"post_tag","embeddable":true,"href":"http:\/\/rurallascolonias.com.ar\/index.php?rest_route=%2Fwp%2Fv2%2Ftags&post=7599"}],"curies":[{"name":"wp","href":"https:\/\/api.w.org\/{rel}","templated":true}]}}