{"id":7592,"date":"2015-08-03T18:07:36","date_gmt":"2015-08-03T18:07:36","guid":{"rendered":"http:\/\/rurallascolonias.com.ar\/?p=7592"},"modified":"2015-08-03T18:07:36","modified_gmt":"2015-08-03T18:07:36","slug":"el-titular-de-coninagro-aclaro-que-no-va-a-haber-paro-solo-movilizacion-en-las-rutas","status":"publish","type":"post","link":"http:\/\/rurallascolonias.com.ar\/?p=7592","title":{"rendered":"El titular de Coninagro aclar\u00f3 que \u00abno va a haber paro, solo movilizaci\u00f3n en las rutas\u00bb"},"content":{"rendered":"<p><strong><a href=\"http:\/\/rurallascolonias.com.ar\/wp-content\/uploads\/2015\/08\/maillard.jpg\"><img loading=\"lazy\" class=\"aligncenter size-full wp-image-7593\" src=\"http:\/\/rurallascolonias.com.ar\/wp-content\/uploads\/2015\/08\/maillard.jpg\" alt=\"maillard\" width=\"337\" height=\"149\" srcset=\"http:\/\/rurallascolonias.com.ar\/wp-content\/uploads\/2015\/08\/maillard.jpg 337w, http:\/\/rurallascolonias.com.ar\/wp-content\/uploads\/2015\/08\/maillard-300x133.jpg 300w\" sizes=\"(max-width: 337px) 100vw, 337px\" \/><\/a><em>Egidio Mailland explic\u00f3 adem\u00e1s que este martes evaluar\u00e1n con el resto de las entidades los lugares donde se llevar\u00e1 a cabo la protesta<\/em><\/strong><!--more--><\/p>\n<p>Egidio Mailland, presidente de Coninagro, aclar\u00f3 que las entidades que integran la Mesa de Enlace del campo no har\u00e1 un paro este mi\u00e9rcoles, sino que ser\u00e1 una jornada de movilizaciones en rutas, aunque admiti\u00f3 que ser\u00eda \u00abrazonable\u00bb posponer la protesta para la semana que viene una vez que pasen las elecciones Primarias, Abiertas, Simult\u00e1neas y Obligatorias (PASO), seg\u00fan public\u00f3 el diario \u00c1mbito.<\/p>\n<p>En declaraciones a radio Am\u00e9rica, Mailland explic\u00f3 que \u00abno va a haber paro, solo movilizaci\u00f3n en las rutas\u00bb y que este martes evaluar\u00e1n con el resto de las entidades los lugares donde se llevar\u00e1 a cabo la protesta.<\/p>\n<p>Consultado por la proximidad de las PASO, el ruralista afirm\u00f3 que \u00abser\u00eda razonable posponer una semana\u00bb la jornada de movilizaciones, pero argument\u00f3 que \u00abla gente est\u00e1 muy sensible y hay que contenerlos, las soluciones no llegan, no nos escuchan, se sienten atacados\u00bb. \u00abTodas las asambleas pidieron hacer paro pero les dijimos que no\u00bb, insisti\u00f3 Mailland.<\/p>\n<p>Asimismo, el dirigente afirm\u00f3 que aunque la Federaci\u00f3n Agraria ya no participa de la Mesa de Enlace, luego de que dejara su cargo como presidente Eduardo Buzzi, pero que de todos modos \u00abtambi\u00e9n est\u00e1 convocando a movilizaciones\u00bb.<\/p>\n<p>Fuente: Infocampo<\/p>\n","protected":false},"excerpt":{"rendered":"<p>Egidio Mailland explic\u00f3 adem\u00e1s que este martes evaluar\u00e1n con el resto de las entidades los lugares donde se llevar\u00e1 a cabo la protesta<\/p>\n","protected":false},"author":5,"featured_media":0,"comment_status":"open","ping_status":"open","sticky":false,"template":"","format":"standard","meta":[],"categories":[14],"tags":[2204,1710],"_links":{"self":[{"href":"http:\/\/rurallascolonias.com.ar\/index.php?rest_route=\/wp\/v2\/posts\/7592"}],"collection":[{"href":"http:\/\/rurallascolonias.com.ar\/index.php?rest_route=\/wp\/v2\/posts"}],"about":[{"href":"http:\/\/rurallascolonias.com.ar\/index.php?rest_route=\/wp\/v2\/types\/post"}],"author":[{"embeddable":true,"href":"http:\/\/rurallascolonias.com.ar\/index.php?rest_route=\/wp\/v2\/users\/5"}],"replies":[{"embeddable":true,"href":"http:\/\/rurallascolonias.com.ar\/index.php?rest_route=%2Fwp%2Fv2%2Fcomments&post=7592"}],"version-history":[{"count":1,"href":"http:\/\/rurallascolonias.com.ar\/index.php?rest_route=\/wp\/v2\/posts\/7592\/revisions"}],"predecessor-version":[{"id":7594,"href":"http:\/\/rurallascolonias.com.ar\/index.php?rest_route=\/wp\/v2\/posts\/7592\/revisions\/7594"}],"wp:attachment":[{"href":"http:\/\/rurallascolonias.com.ar\/index.php?rest_route=%2Fwp%2Fv2%2Fmedia&parent=7592"}],"wp:term":[{"taxonomy":"category","embeddable":true,"href":"http:\/\/rurallascolonias.com.ar\/index.php?rest_route=%2Fwp%2Fv2%2Fcategories&post=7592"},{"taxonomy":"post_tag","embeddable":true,"href":"http:\/\/rurallascolonias.com.ar\/index.php?rest_route=%2Fwp%2Fv2%2Ftags&post=7592"}],"curies":[{"name":"wp","href":"https:\/\/api.w.org\/{rel}","templated":true}]}}